{"id":262906,"date":"2026-03-11T22:08:17","date_gmt":"2026-03-11T21:08:17","guid":{"rendered":"https:\/\/www.messinaoggi.it\/website\/2026\/03\/11\/referendum-nordio-votare-si-per-far-pagare-eventuali-errori-alle-toghe\/"},"modified":"2026-03-11T22:08:17","modified_gmt":"2026-03-11T21:08:17","slug":"referendum-nordio-votare-si-per-far-pagare-eventuali-errori-alle-toghe","status":"publish","type":"post","link":"https:\/\/www.messinaoggi.it\/website\/2026\/03\/11\/referendum-nordio-votare-si-per-far-pagare-eventuali-errori-alle-toghe\/","title":{"rendered":"Referendum, Nordio \u201cVotare s\u00ec per far pagare eventuali errori alle toghe\u201d"},"content":{"rendered":"<div>ROMA (ITALPRESS) &#8211; Bisogna votare s\u00ec al referendum &#8220;per avere un giudice assolutamente imparziale e terzo rispetto a chi porta l&#8217;accusato davanti al tribunale e per avere una Corte di giustizia disciplinare che finalmente faccia pagare ai magistrati inetti gli errori che talvolta fanno&#8221;. Cos\u00ec il ministro della Giustizia, Carlo Nordio, ospite a &#8220;Realpolitik&#8221; in onda questa sera su Rete4. Se al referendum dovesse vincere il no &#8220;sicuramente non penserei alle dimissioni, non sarebbero neppure istituzionalmente corrette, tanto pi\u00f9 che questa legge \u00e8 stata approvata dal Parlamento in maggioranza schiacciante. Quindi, bench\u00e8 me ne assuma con orgoglio la paternit\u00e0, visto che la sostengo da 30 anni, le dimissioni di un ministro dipendono da fattori completamente diversi&#8221;, ha aggiunto. Il giorno dopo l&#8217;eventuale vittoria del no &#8220;andrei in ufficio sereno, ma contento no, perch\u00e8 sarei consapevole che affossata questa riforma, per altri parecchi anni non riusciremo pi\u00f9 a fare una riforma moderna, liberale, che si allinei con le altre democrazie europee&#8221;, ha concluso Nordio.<br \/>(ITALPRESS).<br \/>-Foto: Ipa Agency-<\/div>\n<div id=\"div-gpt-ad-Messinaoggi.it-DSK-300x250-corpoart\" style=\"text-align:center;margin:0 auto;\"><\/div><\/p><div id=\"videoincontent\" style=\"clear:both\";><\/div>","protected":false},"excerpt":{"rendered":"<p>ROMA (ITALPRESS) &#8211; Bisogna votare s\u00ec al referendum &#8220;per avere un giudice assolutamente imparziale e terzo rispetto a chi porta l&#8217;accusato davanti al tribunale e per avere una Corte di giustizia disciplinare che finalmente faccia pagare ai magistrati inetti gli errori che talvolta fanno&#8221;. Cos\u00ec il ministro della Giustizia, Carlo Nordio, ospite a &#8220;Realpolitik&#8221; in [&hellip;]<\/p>\n","protected":false},"author":18,"featured_media":262907,"comment_status":"closed","ping_status":"closed","sticky":false,"template":"","format":"standard","meta":{"ub_ctt_via":"","_mi_skip_tracking":false},"categories":[446],"tags":[783],"featured_image_src":"https:\/\/www.messinaoggi.it\/website\/wp-content\/uploads\/2026\/03\/20260311_2938.jpg","author_info":{"display_name":"Admin","author_link":"https:\/\/www.messinaoggi.it\/website\/author\/admin\/"},"digistream_id":0,"digistream":false,"_links":{"self":[{"href":"https:\/\/www.messinaoggi.it\/website\/wp-json\/wp\/v2\/posts\/262906"}],"collection":[{"href":"https:\/\/www.messinaoggi.it\/website\/wp-json\/wp\/v2\/posts"}],"about":[{"href":"https:\/\/www.messinaoggi.it\/website\/wp-json\/wp\/v2\/types\/post"}],"author":[{"embeddable":true,"href":"https:\/\/www.messinaoggi.it\/website\/wp-json\/wp\/v2\/users\/18"}],"replies":[{"embeddable":true,"href":"https:\/\/www.messinaoggi.it\/website\/wp-json\/wp\/v2\/comments?post=262906"}],"version-history":[{"count":0,"href":"https:\/\/www.messinaoggi.it\/website\/wp-json\/wp\/v2\/posts\/262906\/revisions"}],"wp:featuredmedia":[{"embeddable":true,"href":"https:\/\/www.messinaoggi.it\/website\/wp-json\/wp\/v2\/media\/262907"}],"wp:attachment":[{"href":"https:\/\/www.messinaoggi.it\/website\/wp-json\/wp\/v2\/media?parent=262906"}],"wp:term":[{"taxonomy":"category","embeddable":true,"href":"https:\/\/www.messinaoggi.it\/website\/wp-json\/wp\/v2\/categories?post=262906"},{"taxonomy":"post_tag","embeddable":true,"href":"https:\/\/www.messinaoggi.it\/website\/wp-json\/wp\/v2\/tags?post=262906"}],"curies":[{"name":"wp","href":"https:\/\/api.w.org\/{rel}","templated":true}]}}