{"id":262888,"date":"2026-03-11T18:11:59","date_gmt":"2026-03-11T17:11:59","guid":{"rendered":"http:\/\/www.messinaoggi.it\/website\/?p=262888"},"modified":"2026-03-11T19:25:47","modified_gmt":"2026-03-11T18:25:47","slug":"papardo-i-sindacati-denunciano-gravi-criticita","status":"publish","type":"post","link":"https:\/\/www.messinaoggi.it\/website\/2026\/03\/11\/papardo-i-sindacati-denunciano-gravi-criticita\/","title":{"rendered":"Papardo, i sindacati denunciano gravi criticit\u00e0"},"content":{"rendered":"\n<p>Si \u00e8 svolta oggi una partecipata assemblea del personale sanitario dell\u2019Azienda Ospedaliera Papardo di Messina, convocata dalle Organizzazioni Sindacali per affrontare le numerose criticit\u00e0 che stanno interessando l\u2019organizzazione dei servizi e le condizioni di lavoro degli operatori. Nel corso dell\u2019incontro \u00e8 emerso con forza il tema della grave insufficienza delle risorse umane, non pi\u00f9 coerente con i posti letto autorizzati e con i livelli di intensit\u00e0 assistenziale richiesti nelle diverse Unit\u00e0 Operative. <div id=\"div-gpt-ad-Messinaoggi.it-DSK-300x250-corpoart\" style=\"text-align:center;margin:0 auto;\"><\/div><\/p>\n\n\n\n<figure class=\"wp-block-image size-large\"><img loading=\"lazy\" width=\"1024\" height=\"576\" src=\"http:\/\/www.messinaoggi.it\/website\/wp-content\/uploads\/2026\/03\/47517e26-69f7-494f-8629-f13ac1a63239-1024x576.jpg\" alt=\"\" class=\"wp-image-262889\" srcset=\"https:\/\/www.messinaoggi.it\/website\/wp-content\/uploads\/2026\/03\/47517e26-69f7-494f-8629-f13ac1a63239-1024x576.jpg 1024w, https:\/\/www.messinaoggi.it\/website\/wp-content\/uploads\/2026\/03\/47517e26-69f7-494f-8629-f13ac1a63239-300x169.jpg 300w, https:\/\/www.messinaoggi.it\/website\/wp-content\/uploads\/2026\/03\/47517e26-69f7-494f-8629-f13ac1a63239-768x432.jpg 768w, https:\/\/www.messinaoggi.it\/website\/wp-content\/uploads\/2026\/03\/47517e26-69f7-494f-8629-f13ac1a63239-1536x864.jpg 1536w, https:\/\/www.messinaoggi.it\/website\/wp-content\/uploads\/2026\/03\/47517e26-69f7-494f-8629-f13ac1a63239.jpg 1600w\" sizes=\"(max-width: 1024px) 100vw, 1024px\" \/><figcaption><strong>L&#8217;assemblea sindacale tenutasi al Papardo<\/strong><\/figcaption><\/figure>\n\n\n\n<p>Una situazione che, secondo le OO.SS., rischia di determinare ripercussioni concrete sulla qualit\u00e0 e sulla sicurezza delle prestazioni sanitarie erogate ai cittadini. \u00a0Particolare preoccupazione \u00e8 stata espressa anche in relazione alle difficolt\u00e0 nel garantire pienamente i Livelli Essenziali di Assistenza (LEA), nonch\u00e9 rispetto all\u2019incremento del tetto di spesa, ritenuto insufficiente rispetto ai reali fabbisogni assistenziali e organizzativi dell\u2019Azienda. \u00a0Nel dibattito assembleare \u00e8 stato inoltre evidenziato come sia necessario assicurare il pieno rispetto delle previsioni contenute nel documento regionale di riordino della rete ospedaliera e nel piano del fabbisogno del personale, al fine di evitare ulteriori situazioni di depotenziamento dei servizi sanitari. \u00a0 \u00a0 \u201c<em>Alla luce delle criticit\u00e0 emerse, le Organizzazioni Sindacali hanno deciso di richiedere formalmente un\u2019audizione urgente presso la VI Commissione Sanit\u00e0 dell\u2019Assemblea Regionale Siciliana, con l\u2019obiettivo di rappresentare in modo puntuale la situazione dell\u2019A.O. Papardo e individuare, insieme alle istituzioni competenti, soluzioni concrete e sostenibili. \u00a0I sindacati ribadiscono la propria disponibilit\u00e0 ad un confronto serio e costruttivo, finalizzato esclusivamente alla tutela del diritto alla salute dei cittadini messinesi e al miglioramento delle condizioni di lavoro del personale sanitario<\/em>\u201d. \u00a0 Lo dichiarano in una nota Livio Andronico (segretario generale Uil-FP); Antonio Trino (segretario provinciale FPCGIL), Ivan Alonge (segretario provinciale Nursind) e Salvatore Cernuto (segretario aziendale Nursing-Up). \u00a0<div id=\"videoincontent\" style=\"clear:both\";><\/div><\/p>\n","protected":false},"excerpt":{"rendered":"<p>Si \u00e8 svolta oggi una partecipata assemblea del personale sanitario dell\u2019Azienda Ospedaliera Papardo di Messina, convocata dalle Organizzazioni Sindacali per affrontare le numerose criticit\u00e0 che stanno interessando l\u2019organizzazione dei servizi e le condizioni di lavoro degli operatori. Nel corso dell\u2019incontro \u00e8 emerso con forza il tema della grave insufficienza delle risorse umane, non pi\u00f9 coerente [&hellip;]<\/p>\n","protected":false},"author":2,"featured_media":262890,"comment_status":"open","ping_status":"open","sticky":false,"template":"","format":"standard","meta":{"ub_ctt_via":"","_mi_skip_tracking":false},"categories":[5],"tags":[6899,812,587],"featured_image_src":"https:\/\/www.messinaoggi.it\/website\/wp-content\/uploads\/2026\/03\/5f1c9f0c-c5d7-4e05-94d3-52c0a7ac8252.jpg","author_info":{"display_name":"Redazione","author_link":"https:\/\/www.messinaoggi.it\/website\/author\/redazione\/"},"digistream_id":0,"digistream":false,"_links":{"self":[{"href":"https:\/\/www.messinaoggi.it\/website\/wp-json\/wp\/v2\/posts\/262888"}],"collection":[{"href":"https:\/\/www.messinaoggi.it\/website\/wp-json\/wp\/v2\/posts"}],"about":[{"href":"https:\/\/www.messinaoggi.it\/website\/wp-json\/wp\/v2\/types\/post"}],"author":[{"embeddable":true,"href":"https:\/\/www.messinaoggi.it\/website\/wp-json\/wp\/v2\/users\/2"}],"replies":[{"embeddable":true,"href":"https:\/\/www.messinaoggi.it\/website\/wp-json\/wp\/v2\/comments?post=262888"}],"version-history":[{"count":2,"href":"https:\/\/www.messinaoggi.it\/website\/wp-json\/wp\/v2\/posts\/262888\/revisions"}],"predecessor-version":[{"id":262896,"href":"https:\/\/www.messinaoggi.it\/website\/wp-json\/wp\/v2\/posts\/262888\/revisions\/262896"}],"wp:featuredmedia":[{"embeddable":true,"href":"https:\/\/www.messinaoggi.it\/website\/wp-json\/wp\/v2\/media\/262890"}],"wp:attachment":[{"href":"https:\/\/www.messinaoggi.it\/website\/wp-json\/wp\/v2\/media?parent=262888"}],"wp:term":[{"taxonomy":"category","embeddable":true,"href":"https:\/\/www.messinaoggi.it\/website\/wp-json\/wp\/v2\/categories?post=262888"},{"taxonomy":"post_tag","embeddable":true,"href":"https:\/\/www.messinaoggi.it\/website\/wp-json\/wp\/v2\/tags?post=262888"}],"curies":[{"name":"wp","href":"https:\/\/api.w.org\/{rel}","templated":true}]}}