{"id":262886,"date":"2026-03-11T16:08:22","date_gmt":"2026-03-11T15:08:22","guid":{"rendered":"https:\/\/www.messinaoggi.it\/website\/2026\/03\/11\/iran-e-crisi-in-medio-oriente-a-roma-una-tavola-rotonda-sul-futuro-della-regione\/"},"modified":"2026-03-11T16:08:22","modified_gmt":"2026-03-11T15:08:22","slug":"iran-e-crisi-in-medio-oriente-a-roma-una-tavola-rotonda-sul-futuro-della-regione","status":"publish","type":"post","link":"https:\/\/www.messinaoggi.it\/website\/2026\/03\/11\/iran-e-crisi-in-medio-oriente-a-roma-una-tavola-rotonda-sul-futuro-della-regione\/","title":{"rendered":"Iran e crisi in Medio Oriente, a Roma una tavola rotonda sul futuro della regione"},"content":{"rendered":"<div>ROMA (ITALPRESS) &#8211; &#8220;Iran: legge e rivoluzione&#8221; \u00e8 stato il tema al centro della tavola rotonda che si \u00e8 svolta presso la sede di Fondazione Lottomatica a Roma, dedicata all&#8217;analisi delle dinamiche politiche e geopolitiche che riguardano l&#8217;Iran e, pi\u00f9 in generale, gli equilibri del Medio Oriente.<br \/>L&#8217;appuntamento ha preso spunto dalla presentazione di due recenti pubblicazioni: &#8220;L&#8217;Iran degli ayatollah&#8221; di Pier Luigi Petrillo e &#8220;I figli dell&#8217;odio&#8221; di Cecilia Sala, offrendo l&#8217;occasione per un confronto su uno scenario internazionale sempre pi\u00f9 complesso e in continua evoluzione.<br \/>Negli ultimi mesi il Medio Oriente \u00e8 infatti tornato al centro dell&#8217;attenzione internazionale, con sviluppi che coinvolgono diversi attori regionali e globali e che stanno contribuendo a ridefinire gli equilibri geopolitici dell&#8217;area. Il quadro si \u00e8 ulteriormente complicato nelle ultime settimane, con l&#8217;escalation culminata nello scoppio di un nuovo conflitto in seguito all&#8217;attacco condotto da forze israelo-americane e alla successiva risposta dell&#8217;Iran, alimentando il timore di una ulteriore destabilizzazione regionale.<br \/>In questo contesto, l&#8217;incontro ha rappresentato un momento di riflessione e approfondimento sul ruolo dell&#8217;Iran e sulle trasformazioni politiche e sociali che attraversano la regione.<br \/>Nel corso della discussione sono stati affrontati alcuni dei principali temi legati all&#8217;Iran contemporaneo: l&#8217;evoluzione del sistema politico della Repubblica islamica, il rapporto tra istituzioni e autorit\u00e0 religiosa, le trasformazioni della societ\u00e0 iraniana e il ruolo del Paese nei delicati equilibri geopolitici del Medio Oriente.<br \/>I due volumi presentati offrono prospettive complementari su questi aspetti. L&#8217;Iran degli ayatollah, di Pier Luigi Petrillo, analizza il funzionamento delle istituzioni della Repubblica islamica e le dinamiche del sistema politico iraniano a partire dalla rivoluzione del 1979. I figli dell&#8217;odio, di Cecilia Sala, propone invece un reportage sul Medio Oriente contemporaneo attraverso le storie e le esperienze delle nuove generazioni cresciute all&#8217;interno dei conflitti della regione. All&#8217;analisi delle due prospettive \u00e8 seguito un momento di confronto sul futuro dell&#8217;Iran e sugli scenari di riassetto dell&#8217;intera regione mediorientale dopo il conflitto. La discussione ha toccato anche il ruolo dell&#8217;Europa e dei principali attori internazionali, oltre alle possibili conseguenze delle tensioni geopolitiche sugli equilibri economici globali e sui mercati energetici.<br \/>&#8220;Nel mio ultimo libro parlo di una rivoluzione post-islamica, nella quale la religione \u00e8 un feticcio, qualcosa dietro al quale la politica nasconde delle scelte che con la religione non hanno niente a che fare &#8211; le parole di Pier Luigi Petrillo -. L&#8217;elezione come Guida Suprema del secondo genito di Khamenei sembra confermarlo. Non \u00e8 una guida spirituale, non ha le caratteristiche per assumere quell&#8217;incarico, per\u00f2 \u00e8 stato nominato lo stesso&#8221;.<br \/>Con la scelta di Mojtaba Khamenei come nuova guida suprema &#8220;il segnale che gli uomini di regime vogliono dare \u00e8 proprio che non cambia nulla &#8211; ha detto Cecilia Sala -. E&#8217; una vittoria dei Pasdaran dell&#8217;ala militare del regime, a cui questa nuova guida suprema Khamenei-Giovane \u00e8 molto legato da anni&#8221;.<br \/>&#8220;Abbiamo pensato che si potessero cogliere le opportunit\u00e0 che ci davano due libri molto interessanti come quelli di Pier Luigi Petrillo e Cecilia Sala &#8211; ha detto Riccardo Capecchi, Presidente di Fondazione Lottomatica -. Metterli insieme ha consentito di affrontare un tema di grande attualit\u00e0. La possibilit\u00e0 di affrontare e di ragionare sulla contrapposizione in corso ha bisogno di comprensione e chi conosce le cose pu\u00f2 aiutare a darci degli stimoli importanti&#8221;.<br \/>L&#8217;incontro ha visto la partecipazione di rappresentanti del mondo delle istituzioni, del giornalismo e della ricerca, contribuendo a un confronto articolato sulle prospettive della regione e sulle dinamiche che stanno ridefinendo gli equilibri internazionali.<br \/>&#8220;La volont\u00e0 \u00e8 quella che all&#8217;interno del perimetro europeo si possa arrivare ad un abbassamento del livello di tensione, perch\u00e8 ovviamente ci preoccupa molto quanto sta accadendo in Medio Oriente&#8221;; il commento di Giangiacomo Calovini Capogruppo Fratelli d&#8217;Italia Commissione Affari esteri della Camera.<br \/>&#8220;Noi come Partito Democratico abbiamo chiesto al Governo di prendere le distanze da un intervento che \u00e8 una palese violazione del diritto internazionale &#8211; ha detto Antonio Misiani (Pd), Vicepresidente della Commissione Bilancio del Senato -. Nessuno di noi ha alcun rimpianto per Ali Khamenei, n\u00e8 alcuna simpatia per un regime teocratico oppressivo che schiaccia la libert\u00e0 degli iraniani da molti decenni. Riteniamo che l&#8217;idea di operare un regime change con le bombe e con i missili, sia un&#8217;illusione, una soluzione non praticabile e che quanto sta avvenendo rischia di aggravare ulteriormente una situazione di incertezza e di instabilit\u00e0 in un&#8217;area delicatissima&#8221;.<br \/>&#8220;Credo che libert\u00e0 e democrazia non debbano essere un privilegio per una certa parte del mondo, ma un&#8217;opportunit\u00e0 per tutti, per lo meno per chi nel mondo ne fa richiesta &#8211; ha affermato Luigi Marattin, deputato del Partito Liberaldemocratico e Membro della Camera dei Deputati -. Non tutti chiedono democrazia, gli iraniani s\u00ec e io desidero quello&#8221;.<br \/>&#8220;Io credo che si debba sicuramente considerare un intervento dello Stato &#8211; ha detto Marco Osnato (FdI), Presidente della Commissione Finanze della Camera, riguardo all&#8217;aumento dei prezzi in relazione al conflitto -, ma credo che si debba anche aspettare qualche ora in pi\u00f9, perch\u00e8 evidentemente la situazione \u00e8 molto fluida ed \u00e8 difficile essere certi che quello che sta succedendo adesso sia quello che succeder\u00e0 domani&#8221;.<br \/>-foto ufficio stampa Fondazione Lottomatica-<br \/>(ITALPRESS).<\/div>\n<div id=\"div-gpt-ad-Messinaoggi.it-DSK-300x250-corpoart\" style=\"text-align:center;margin:0 auto;\"><\/div><\/p><div id=\"videoincontent\" style=\"clear:both\";><\/div>","protected":false},"excerpt":{"rendered":"<p>ROMA (ITALPRESS) &#8211; &#8220;Iran: legge e rivoluzione&#8221; \u00e8 stato il tema al centro della tavola rotonda che si \u00e8 svolta presso la sede di Fondazione Lottomatica a Roma, dedicata all&#8217;analisi delle dinamiche politiche e geopolitiche che riguardano l&#8217;Iran e, pi\u00f9 in generale, gli equilibri del Medio Oriente.L&#8217;appuntamento ha preso spunto dalla presentazione di due recenti [&hellip;]<\/p>\n","protected":false},"author":18,"featured_media":262887,"comment_status":"closed","ping_status":"closed","sticky":false,"template":"","format":"standard","meta":{"ub_ctt_via":"","_mi_skip_tracking":false},"categories":[446],"tags":[783],"featured_image_src":"https:\/\/www.messinaoggi.it\/website\/wp-content\/uploads\/2026\/03\/20260311_1504.jpg","author_info":{"display_name":"Admin","author_link":"https:\/\/www.messinaoggi.it\/website\/author\/admin\/"},"digistream_id":0,"digistream":false,"_links":{"self":[{"href":"https:\/\/www.messinaoggi.it\/website\/wp-json\/wp\/v2\/posts\/262886"}],"collection":[{"href":"https:\/\/www.messinaoggi.it\/website\/wp-json\/wp\/v2\/posts"}],"about":[{"href":"https:\/\/www.messinaoggi.it\/website\/wp-json\/wp\/v2\/types\/post"}],"author":[{"embeddable":true,"href":"https:\/\/www.messinaoggi.it\/website\/wp-json\/wp\/v2\/users\/18"}],"replies":[{"embeddable":true,"href":"https:\/\/www.messinaoggi.it\/website\/wp-json\/wp\/v2\/comments?post=262886"}],"version-history":[{"count":0,"href":"https:\/\/www.messinaoggi.it\/website\/wp-json\/wp\/v2\/posts\/262886\/revisions"}],"wp:featuredmedia":[{"embeddable":true,"href":"https:\/\/www.messinaoggi.it\/website\/wp-json\/wp\/v2\/media\/262887"}],"wp:attachment":[{"href":"https:\/\/www.messinaoggi.it\/website\/wp-json\/wp\/v2\/media?parent=262886"}],"wp:term":[{"taxonomy":"category","embeddable":true,"href":"https:\/\/www.messinaoggi.it\/website\/wp-json\/wp\/v2\/categories?post=262886"},{"taxonomy":"post_tag","embeddable":true,"href":"https:\/\/www.messinaoggi.it\/website\/wp-json\/wp\/v2\/tags?post=262886"}],"curies":[{"name":"wp","href":"https:\/\/api.w.org\/{rel}","templated":true}]}}