{"id":262882,"date":"2026-03-11T16:08:16","date_gmt":"2026-03-11T15:08:16","guid":{"rendered":"https:\/\/www.messinaoggi.it\/website\/2026\/03\/11\/cerno-una-societa-conformista-e-avvelenata-e-addormenta-la-democrazia\/"},"modified":"2026-03-11T16:08:16","modified_gmt":"2026-03-11T15:08:16","slug":"cerno-una-societa-conformista-e-avvelenata-e-addormenta-la-democrazia","status":"publish","type":"post","link":"https:\/\/www.messinaoggi.it\/website\/2026\/03\/11\/cerno-una-societa-conformista-e-avvelenata-e-addormenta-la-democrazia\/","title":{"rendered":"Cerno \u201cUna societ\u00e0 conformista \u00e8 avvelenata e addormenta la democrazia\u201d"},"content":{"rendered":"<div>MILANO (ITALPRESS) &#8211; &#8220;In Italia da molto tempo l&#8217;ossessione dell&#8217;appartenenza politica ha di fatto cancellato come un sonnifero la libert\u00e0. A sinistra c&#8217;\u00e8 chi mi definisce un Giuda, ma in fondo \u00e8 un complimento. Giuda squarcia il conformismo di secoli di storia aprendo il varco al cristianesimo e cio\u00e8 al cambiamento del pensiero di un&#8217;intera civilt\u00e0. Quindi se essere Giuda vuol dire far arrabbiare tutti ma cambiare l&#8217;aria, mi assumo la ragione che ebbe Giuda di stare all&#8217;ultima cena. La sapevano lui e probabilmente Ges\u00f9. Io posso essere Giuda. Di sicuro chi mi critica non \u00e8 Ges\u00f9&#8221;. Lo afferma Tommaso Cerno, direttore del Giornale, che in un&#8217;intervista a Claudio Brachino per la rubrica Primo Piano dell&#8217;agenzia Italpress, parla del suo libro &#8220;Le ragioni di Giuda: quando il tradimento ideologico diventa un atto di libert\u00e0&#8221;, edito da Rizzoli.<br \/>Per Cerno &#8220;una societ\u00e0 conformista \u00e8 avvelenata e addormenta la democrazia. E il tradimento che cos&#8217;\u00e8? Rompere gli schemi. Oggi il woke e il conformismo di questo paese che si spacciano per essere forme moderne di libert\u00e0, di rispetto, di attenzione agli altri, sono la pi\u00f9 grande forma di censura e autocensura che negli ultimi decenni questo Paese ricordi. Fa molto male pensare che una parte della sinistra che invece ha animato gli anni &#8217;70 e &#8217;80 con il contrario di tutto questo &#8211; l&#8217;anticonformismo, la satira, la critica anche pesante, lo scontro &#8211; oggi si addormenti in questa notte di noia, facendo finta che chi la rompe \u00e8 cattivo&#8221;.<br \/>Secondo il direttore del Giornale &#8220;la sinistra ha vinto su tutta la linea il campionato del &#8216;900 e si \u00e8 presentata nel nuovo millennio senza una squadra e senza un&#8217;idea di gioco. Tant&#8217;\u00e8 vero che oggi sopravvive a se stessa individuando un nemico. Con Berlusconi la sinistra aveva fatto almeno un&#8217;analisi approfondita dell&#8217;avversario. Sapevano chi avevano di fronte. Oggi Giorgia Meloni \u00e8 un personaggio che sfugge alla sinistra, tant&#8217;\u00e8 vero che ogni tanto ne parlano immaginando di essere tornati a cento anni fa, di avere di fronte Benito Mussolini. Ma il questo centrodestra in evoluzione, forse pi\u00f9 avanti della sua stessa infrastruttura politica, somiglia pi\u00f9 a Craxi di quanto somigli ad Almirante. Quindi sicuramente la destra ha fatto un percorso importante di rinascita, la sinistra vive di ricordi&#8221;.<br \/>Cerno ha lanciato da pochi luned\u00ec 9 marzo una striscia quotidiana su Rai 2, &#8220;Due di Picche&#8221;. E spiega cos\u00ec la scelta del titolo: &#8220;E&#8217; la sensazione che il sistema di potere di oggi, cio\u00e8 gli assi di cuori, le regine di fiori, queste carte dei potenti che sembrano sempre decidere il gioco, faccia sentire il cittadino un due di picche. Il cittadino non va a votare, schiva il dibattito, ha paura a dire che cosa pensa perch\u00e8 dice &#8220;tanto non conto niente&#8221;. E invece le carte ci insegnano che se tu capisci il gioco, con un due di picche puoi battere un asso di cuori. Il tentativo \u00e8 quello di provare a commentare i fatti dell&#8217;attualit\u00e0 dalla parte dei due di picche&#8221;.<br \/>Il giornalista considera il secondo mandato di Donald Trump alla presidenza degli Stati Uniti un&#8217;opportunit\u00e0 per l&#8217;Europa. &#8220;Sono convinto sia il miglior presidente possibile dal punto di vista dell&#8217;Unione Europea. Da quando gli americani hanno eletto Trump l&#8217;Europa ha smesso di parlare di stupidaggini &#8211; etichette del vino, lunghezza dei pesci rossi e spessore della moquette &#8211; e ha cominciato a parlare di guerra e di pace. Ci siamo resi conto che siamo divisi, ma che c&#8217;\u00e8 l&#8217;esigenza di fare un&#8217;Europa politica e lo dobbiamo a Trump. L&#8217;America ci ha dato una sveglia e ci ha mostrato che la nostra infrastruttura europea politicamente \u00e8 arretrata per affrontare i temi di oggi. Quindi ben venga Trump, ce ne vorrebbero due: uno a Washington e uno a Bruxelles&#8221;.<br \/>Sul referendum sulla riforma della giustizia &#8220;essendo io Giuda, come dico nel libro, la mia posizione non pu\u00f2 essere pilatesca. Questa riforma \u00e8 importante perch\u00e8 rid\u00e0 alla Costituzione il compito di aggiornarsi, perch\u00e8 se i padri costituenti avessero ritenuto che quella Carta fosse buona per sempre, non avrebbero messo al suo interno l&#8217;iter complesso con cui si pu\u00f2 modificare.  Tutti sanno che nessuna riforma pu\u00f2 sistemare tutto, ma io vedo nel fronte del no il tentativo di restaurare, cio\u00e8 di tenere le cose esattamente come sono, perch\u00e8 evidentemente c&#8217;\u00e8 un interesse che siano cos\u00ec. In 30 anni io ho visto un ruolo dell&#8217;accusa nel processo italiano diventare pi\u00f9 importante del giudizio stesso. Cio\u00e8 il processo in Italia si svolge solo nell&#8217;accusa. I riflettori sono sull&#8217;accusato; a nessuno interessa se \u00e8 innocente o no, interessa quel momento. Rendere questa persona capace di difendersi meglio \u00e8 un compito costituzionale&#8221;.<div id=\"div-gpt-ad-Messinaoggi.it-DSK-300x250-corpoart\" style=\"text-align:center;margin:0 auto;\"><\/div><\/p>\n<p>&#8211; Foto Italpress &#8211;<div id=\"videoincontent\" style=\"clear:both\";><\/div><\/p>\n<p>(ITALPRESS).<\/p><\/div>\n","protected":false},"excerpt":{"rendered":"<p>MILANO (ITALPRESS) &#8211; &#8220;In Italia da molto tempo l&#8217;ossessione dell&#8217;appartenenza politica ha di fatto cancellato come un sonnifero la libert\u00e0. A sinistra c&#8217;\u00e8 chi mi definisce un Giuda, ma in fondo \u00e8 un complimento. Giuda squarcia il conformismo di secoli di storia aprendo il varco al cristianesimo e cio\u00e8 al cambiamento del pensiero di un&#8217;intera [&hellip;]<\/p>\n","protected":false},"author":18,"featured_media":262883,"comment_status":"closed","ping_status":"closed","sticky":false,"template":"","format":"standard","meta":{"ub_ctt_via":"","_mi_skip_tracking":false},"categories":[446],"tags":[783],"featured_image_src":"https:\/\/www.messinaoggi.it\/website\/wp-content\/uploads\/2026\/03\/20260311_1195.jpg","author_info":{"display_name":"Admin","author_link":"https:\/\/www.messinaoggi.it\/website\/author\/admin\/"},"digistream_id":0,"digistream":false,"_links":{"self":[{"href":"https:\/\/www.messinaoggi.it\/website\/wp-json\/wp\/v2\/posts\/262882"}],"collection":[{"href":"https:\/\/www.messinaoggi.it\/website\/wp-json\/wp\/v2\/posts"}],"about":[{"href":"https:\/\/www.messinaoggi.it\/website\/wp-json\/wp\/v2\/types\/post"}],"author":[{"embeddable":true,"href":"https:\/\/www.messinaoggi.it\/website\/wp-json\/wp\/v2\/users\/18"}],"replies":[{"embeddable":true,"href":"https:\/\/www.messinaoggi.it\/website\/wp-json\/wp\/v2\/comments?post=262882"}],"version-history":[{"count":0,"href":"https:\/\/www.messinaoggi.it\/website\/wp-json\/wp\/v2\/posts\/262882\/revisions"}],"wp:featuredmedia":[{"embeddable":true,"href":"https:\/\/www.messinaoggi.it\/website\/wp-json\/wp\/v2\/media\/262883"}],"wp:attachment":[{"href":"https:\/\/www.messinaoggi.it\/website\/wp-json\/wp\/v2\/media?parent=262882"}],"wp:term":[{"taxonomy":"category","embeddable":true,"href":"https:\/\/www.messinaoggi.it\/website\/wp-json\/wp\/v2\/categories?post=262882"},{"taxonomy":"post_tag","embeddable":true,"href":"https:\/\/www.messinaoggi.it\/website\/wp-json\/wp\/v2\/tags?post=262882"}],"curies":[{"name":"wp","href":"https:\/\/api.w.org\/{rel}","templated":true}]}}