{"id":262872,"date":"2026-03-11T12:08:16","date_gmt":"2026-03-11T11:08:16","guid":{"rendered":"https:\/\/www.messinaoggi.it\/website\/2026\/03\/11\/pichetto-fratin-controlli-anti-speculazioni-no-a-decisioni-sullonda-del-panico\/"},"modified":"2026-03-11T12:08:16","modified_gmt":"2026-03-11T11:08:16","slug":"pichetto-fratin-controlli-anti-speculazioni-no-a-decisioni-sullonda-del-panico","status":"publish","type":"post","link":"https:\/\/www.messinaoggi.it\/website\/2026\/03\/11\/pichetto-fratin-controlli-anti-speculazioni-no-a-decisioni-sullonda-del-panico\/","title":{"rendered":"Pichetto Fratin \u201cControlli anti speculazioni, no a decisioni sull\u2019onda del panico\u201d"},"content":{"rendered":"<div>ROMA (ITALPRESS) &#8211; <em>&#8220;<strong>Siamo in una situazione molto instabile<\/strong>, basti guardare le oscillazioni del prezzo del petrolio, che cambia moltissimo nel giro di un quarto d&#8217;ora.<strong> E&#8217; chiaro che mettiamo la massima attenzione a tutto quello che sta accadendo<\/strong> ma questa enorme incertezza ci obbliga a essere solidi e ad agire con grande cautela. Non vogliamo sottovalutare ma neanche terrorizzare&#8221;.<\/em> Lo dice, in un&#8217;intervista al Corriere della Sera, il <strong>ministro dell&#8217;Ambiente Gilberto Pichetto Fratin.<\/strong><div id=\"div-gpt-ad-Messinaoggi.it-DSK-300x250-corpoart\" style=\"text-align:center;margin:0 auto;\"><\/div><\/p>\n<p><em>&#8220;Io<\/em> &#8211; prosegue &#8211;<em> voglio trasmettere un messaggio tranquillizzante. Ma certo, s<strong>e mi chiedete se sono preoccupato, lo sono, soprattutto per queste oscillazioni di prezzo del petrolio&#8221;.<\/strong> &#8220;Proprio per questa instabilit\u00e0<\/em>&#8211; aggiunge &#8211;<em> non si pu\u00f2 scherzare con norme e interventi a caso. Prima di intervenire serve chiarezza e avere una idea dei tempi: quanto pu\u00f2 durare ancora questa situazione? Quando riaprir\u00e0 il traffico navale nello Stretto di Hormuz? C&#8217;\u00e8 ancora troppa incertezza&#8221;.<\/em><div id=\"videoincontent\" style=\"clear:both\";><\/div><\/p>\n<p>Pichetto sottolinea che <em>&#8220;\u00e8 chiaro che in una situazione cos\u00ec instabile, <strong>c&#8217;\u00e8 chi ne approfitta con chiare operazioni speculative.<\/strong> Ma noi ci stiamo lavorando e monitoriamo la situazione momento per momento e andiamo avanti con i controlli per evitare gli abusi&#8221;.<\/em><\/p>\n<p>Il Parlamento sta ancora esaminando il decreto Energia, noto come decreto Bollette. Potrebbe essere ritoccato con nuove misure? &#8220;<em>Tutto si pu\u00f2 cambiare<\/em> &#8211; aggiunge &#8211; <em>fino a che non c&#8217;\u00e8 l&#8217;approvazione finale. Ma ricordo che il provvedimento contiene una parte strutturale non legata alla contingenza attuale. La parte a favore delle imprese era un sollievo per loro, ma certo, ora qualcosa andr\u00e0 rivisto&#8221;.<\/em> Arriver\u00e0 il provvedimento sulle accise mobili?<em> &#8220;E&#8217; una valutazione che stiamo facendo, considerando che c&#8217;\u00e8 gi\u00e0 una norma del 2023 su questo&#8221;<\/em> afferma Pichetto Fratin.<\/p>\n<p>-foto Ipa Agency &#8211;<br \/>\n(ITALPRESS).<\/p><\/div>\n","protected":false},"excerpt":{"rendered":"<p>ROMA (ITALPRESS) &#8211; &#8220;Siamo in una situazione molto instabile, basti guardare le oscillazioni del prezzo del petrolio, che cambia moltissimo nel giro di un quarto d&#8217;ora. E&#8217; chiaro che mettiamo la massima attenzione a tutto quello che sta accadendo ma questa enorme incertezza ci obbliga a essere solidi e ad agire con grande cautela. Non [&hellip;]<\/p>\n","protected":false},"author":18,"featured_media":262873,"comment_status":"closed","ping_status":"closed","sticky":false,"template":"","format":"standard","meta":{"ub_ctt_via":"","_mi_skip_tracking":false},"categories":[446],"tags":[783],"featured_image_src":"https:\/\/www.messinaoggi.it\/website\/wp-content\/uploads\/2026\/03\/20260311_0252.jpg","author_info":{"display_name":"Admin","author_link":"https:\/\/www.messinaoggi.it\/website\/author\/admin\/"},"digistream_id":0,"digistream":false,"_links":{"self":[{"href":"https:\/\/www.messinaoggi.it\/website\/wp-json\/wp\/v2\/posts\/262872"}],"collection":[{"href":"https:\/\/www.messinaoggi.it\/website\/wp-json\/wp\/v2\/posts"}],"about":[{"href":"https:\/\/www.messinaoggi.it\/website\/wp-json\/wp\/v2\/types\/post"}],"author":[{"embeddable":true,"href":"https:\/\/www.messinaoggi.it\/website\/wp-json\/wp\/v2\/users\/18"}],"replies":[{"embeddable":true,"href":"https:\/\/www.messinaoggi.it\/website\/wp-json\/wp\/v2\/comments?post=262872"}],"version-history":[{"count":0,"href":"https:\/\/www.messinaoggi.it\/website\/wp-json\/wp\/v2\/posts\/262872\/revisions"}],"wp:featuredmedia":[{"embeddable":true,"href":"https:\/\/www.messinaoggi.it\/website\/wp-json\/wp\/v2\/media\/262873"}],"wp:attachment":[{"href":"https:\/\/www.messinaoggi.it\/website\/wp-json\/wp\/v2\/media?parent=262872"}],"wp:term":[{"taxonomy":"category","embeddable":true,"href":"https:\/\/www.messinaoggi.it\/website\/wp-json\/wp\/v2\/categories?post=262872"},{"taxonomy":"post_tag","embeddable":true,"href":"https:\/\/www.messinaoggi.it\/website\/wp-json\/wp\/v2\/tags?post=262872"}],"curies":[{"name":"wp","href":"https:\/\/api.w.org\/{rel}","templated":true}]}}