{"id":262836,"date":"2026-03-10T20:08:17","date_gmt":"2026-03-10T19:08:17","guid":{"rendered":"https:\/\/www.messinaoggi.it\/website\/2026\/03\/10\/terzo-settore-al-senato-il-convegno-oltre-le-appartenenze\/"},"modified":"2026-03-10T20:08:17","modified_gmt":"2026-03-10T19:08:17","slug":"terzo-settore-al-senato-il-convegno-oltre-le-appartenenze","status":"publish","type":"post","link":"https:\/\/www.messinaoggi.it\/website\/2026\/03\/10\/terzo-settore-al-senato-il-convegno-oltre-le-appartenenze\/","title":{"rendered":"Terzo settore, al Senato il convegno \u201cOltre le appartenenze\u201d"},"content":{"rendered":"<div>ROMA (ITALPRESS) &#8211; Il futuro della rappresentanza del Terzo Settore e il suo ruolo nella tenuta sociale dell&#8217;Italia al centro del convegno &#8220;Oltre le appartenenze: il Terzo Settore come pilastro della coesione sociale&#8221;. L&#8217;incontro, promosso dal senatore Lucio Malan e svolto presso Sala Zuccari di Palazzo Giustiniani al Senato della Repubblica, ha riunito alcune tra le principali organizzazioni del mondo associativo italiano per avviare una riflessione sul ruolo pubblico del Terzo Settore in una fase segnata da profonde trasformazioni sociali ed economiche. Al centro del confronto la necessit\u00e0 di rafforzare il Terzo Settore come soggetto autonomo, pluralista e capace di rappresentare in modo autentico le istanze delle comunit\u00e0 e dei territori. &#8220;Come governo riteniamo il terzo settore una leva strategica di coesione sociale, di aiuto ai pi\u00f9 fragili e di sostenibilit\u00e0 del welfare. Favoriamo una pari dignit\u00e0 tra pubblico e privato sociale in modo da soddisfare i bisogni di tutti i cittadini. Agiamo in nome della trasparenza cos\u00ec che le organizzazioni possano gestire la burocrazia con la giusta misura e promuoveremo riforme del codice del Terzo Settore per far s\u00ec che sia un asset strategico che sia attenzionato dal Governo&#8221;, le parole di Maria Teresa Bellucci, viceministra del Lavoro e delle Politiche Sociali con delega al Terzo Settore. Una parte importante del dibattito \u00e8 stata dedicata al rilancio della rappresentanza del Terzo settore come spazio di confronto democratico e luogo di sintesi capace di superare logiche di appartenenza e schieramenti precostituiti, restituendo al sistema associativo una rappresentanza pi\u00f9 autorevole e condivisa. &#8220;L&#8217;importanza del Terzo Settore per l&#8217;Italia \u00e8 davvero grande ed \u00e8 utile che il Senato e il Governo ascoltino quali sono le necessit\u00e0. Molti interventi sono stati gi\u00e0 fatti con dei finanziamenti e delle agevolazioni, ma occorre anche tagliare la burocrazia per sottrarre da oneri irragionevoli chi lavora per gli altri e avere la miglior interazione possibile tra le realt\u00e0 del Terzo Settore e le istituzioni&#8221;, ha sottolineato il senatore Lucio Malan. Nel corso dell&#8217;incontro \u00e8 stata presentata la proposta di istituire un Osservatorio permanente sul Terzo Settore, realizzato in collaborazione con il mondo universitario, con l&#8217;obiettivo di approfondire le dinamiche del settore, analizzarne criticit\u00e0 e potenzialit\u00e0 e rafforzarne la capacit\u00e0 di dialogo con istituzioni e comunit\u00e0. Tra gli enti aderenti all&#8217;iniziativa figurano Fictus, Asi e Opes, rappresentata dal presidente nazionale Juri Morico: &#8220;Abbiamo ragionato nell&#8217;ecosistema delle infrastrutture del Terzo Settore che devono mettere in condizione i dipendenti di adempiere il loro compito, ovvero creare valore. Stiamo cercando di passare a una sussidiariet\u00e0 orizzontale nel privato-sociale, cercando di facilitare lo scambio di competenze&#8221;, ha detto il numero uno di Opes. &#8220;La sfida oggi? Trasformare la pluralit\u00e0 del Terzo Settore &#8211; aggiunge Morico &#8211; in una ricchezza il pi\u00f9 possibile condivisa, aumentarne la capacit\u00e0 di generare cooperazione e sviluppo sociale. E&#8217; in questo senso che la sussidiariet\u00e0 orizzontale del privato sociale diventa una leva strategica: un modo per rafforzare la capacit\u00e0 delle organizzazioni di sostenersi reciprocamente, di crescere insieme e di moltiplicare l&#8217;impatto positivo delle loro attivit\u00e0 sui territori. La nostra posizione resta improntata alla responsabilit\u00e0 e al dialogo, favorendo una rappresentanza pi\u00f9 ampia, pi\u00f9 partecipata e pi\u00f9 capace di interpretare la ricchezza del Terzo Settore italiano&#8221;. In un contesto in cui il sistema del welfare affronta nuove sfide e crescenti fragilit\u00e0 sociali, le organizzazioni della societ\u00e0 civile sono chiamate a svolgere un ruolo sempre pi\u00f9 decisivo nel promuovere solidariet\u00e0, partecipazione e coesione sociale, in modo da poter rendere pi\u00f9 concreta la rappresentanza del Terzo Settore nel Paese.<br \/>-foto mec\/Italpress- <br \/>(ITALPRESS).<\/div>\n<div id=\"div-gpt-ad-Messinaoggi.it-DSK-300x250-corpoart\" style=\"text-align:center;margin:0 auto;\"><\/div><\/p><div id=\"videoincontent\" style=\"clear:both\";><\/div>","protected":false},"excerpt":{"rendered":"<p>ROMA (ITALPRESS) &#8211; Il futuro della rappresentanza del Terzo Settore e il suo ruolo nella tenuta sociale dell&#8217;Italia al centro del convegno &#8220;Oltre le appartenenze: il Terzo Settore come pilastro della coesione sociale&#8221;. L&#8217;incontro, promosso dal senatore Lucio Malan e svolto presso Sala Zuccari di Palazzo Giustiniani al Senato della Repubblica, ha riunito alcune tra [&hellip;]<\/p>\n","protected":false},"author":18,"featured_media":262837,"comment_status":"closed","ping_status":"closed","sticky":false,"template":"","format":"standard","meta":{"ub_ctt_via":"","_mi_skip_tracking":false},"categories":[446],"tags":[783],"featured_image_src":"https:\/\/www.messinaoggi.it\/website\/wp-content\/uploads\/2026\/03\/20260310_2027.jpg","author_info":{"display_name":"Admin","author_link":"https:\/\/www.messinaoggi.it\/website\/author\/admin\/"},"digistream_id":0,"digistream":false,"_links":{"self":[{"href":"https:\/\/www.messinaoggi.it\/website\/wp-json\/wp\/v2\/posts\/262836"}],"collection":[{"href":"https:\/\/www.messinaoggi.it\/website\/wp-json\/wp\/v2\/posts"}],"about":[{"href":"https:\/\/www.messinaoggi.it\/website\/wp-json\/wp\/v2\/types\/post"}],"author":[{"embeddable":true,"href":"https:\/\/www.messinaoggi.it\/website\/wp-json\/wp\/v2\/users\/18"}],"replies":[{"embeddable":true,"href":"https:\/\/www.messinaoggi.it\/website\/wp-json\/wp\/v2\/comments?post=262836"}],"version-history":[{"count":0,"href":"https:\/\/www.messinaoggi.it\/website\/wp-json\/wp\/v2\/posts\/262836\/revisions"}],"wp:featuredmedia":[{"embeddable":true,"href":"https:\/\/www.messinaoggi.it\/website\/wp-json\/wp\/v2\/media\/262837"}],"wp:attachment":[{"href":"https:\/\/www.messinaoggi.it\/website\/wp-json\/wp\/v2\/media?parent=262836"}],"wp:term":[{"taxonomy":"category","embeddable":true,"href":"https:\/\/www.messinaoggi.it\/website\/wp-json\/wp\/v2\/categories?post=262836"},{"taxonomy":"post_tag","embeddable":true,"href":"https:\/\/www.messinaoggi.it\/website\/wp-json\/wp\/v2\/tags?post=262836"}],"curies":[{"name":"wp","href":"https:\/\/api.w.org\/{rel}","templated":true}]}}