{"id":26282,"date":"2018-11-02T12:01:49","date_gmt":"2018-11-02T11:01:49","guid":{"rendered":"http:\/\/www.messinaoggi.it\/website\/?p=26282"},"modified":"2018-11-02T12:01:49","modified_gmt":"2018-11-02T11:01:49","slug":"inaugurazione-del-vernissage-sicilia-storia-di-colori","status":"publish","type":"post","link":"https:\/\/www.messinaoggi.it\/website\/2018\/11\/02\/inaugurazione-del-vernissage-sicilia-storia-di-colori\/","title":{"rendered":"Inaugurazione del vernissage Sicilia, storia di colori"},"content":{"rendered":"<p>Domani, alle ore 18.00, nell\u2019ambito del progetto \u201cOpera al centro\u201d, nei saloni \u00a0espositivi del Teatro Vittorio Emanuele sar\u00e0 inaugurata la personale del maestro Luigi Ferrigno dal titolo\u00a0 \u201c<strong>Sicilia, storia di colori<\/strong>\u201d.<br \/>\nPresentato \u00a0dal critico e storico dell\u2019arte Mos\u00e8 Previti \u00a0Luigi Ferrigno attraverso il suo vernissage reinterpreta il reale e lo fa con la tecnica appassionata di una scienza esperta di tutti i mezzi dell\u2019espressione pittorica. Ci\u00f2 \u00a0\u00e8 particolarmente evidente nei suoi acquerelli nei quali, con tocco preciso, \u00a0l\u2019artista costruisce l\u2019architettura dei borghi dove si aggira, palpabile, una serena emozione di pace. La temperatura di questa pace \u00e8 dettata dalla luce di Ferrigno ed \u00e8 l\u2019elemento che l\u2019ha reso celebre, ricercato ed imitato. Si \u00e8 detto dell\u2019isola che \u00e8 terra di contrasti potenti e violenti, dall\u2019energia bruciante, nelle opere di Ferrigno questa energia \u00e8 luminosamente aperta nel paesaggio mentre uno spigoloso mondo di occhiate e di smorfie si cela nei volti dei suoi personaggi.<br \/>\nLa mostra potr\u00e0 essere visitata tutti i giorni, escluso il luned\u00ec, fino a mercoled\u00ec 14 dalle ore \u00a010.00 alle ore 13.00 \u00a0e poi dalle ore 16.00 alle ore 19.00.<br \/>\nUn appuntamento da non perdere per entrare nel mondo intimo e poetico di un grande artista.<br \/>\n <br \/>\n <br \/>\n <div id=\"div-gpt-ad-Messinaoggi.it-DSK-300x250-corpoart\" style=\"text-align:center;margin:0 auto;\"><\/div><\/p>\n<div id=\"videoincontent\" style=\"clear:both\";><\/div>","protected":false},"excerpt":{"rendered":"<p>Domani, alle ore 18.00, nell\u2019ambito del progetto \u201cOpera al centro\u201d, nei saloni \u00a0espositivi del Teatro Vittorio Emanuele sar\u00e0 inaugurata la personale del maestro Luigi Ferrigno dal titolo\u00a0 \u201cSicilia, storia di colori\u201d. Presentato \u00a0dal critico e storico dell\u2019arte Mos\u00e8 Previti \u00a0Luigi Ferrigno attraverso il suo vernissage reinterpreta il reale e lo fa con la tecnica appassionata [&hellip;]<\/p>\n","protected":false},"author":5,"featured_media":26283,"comment_status":"closed","ping_status":"open","sticky":false,"template":"","format":"standard","meta":{"ub_ctt_via":"","_mi_skip_tracking":false},"categories":[16],"tags":[],"featured_image_src":"https:\/\/www.messinaoggi.it\/website\/wp-content\/uploads\/2018\/11\/Opera-di-Luigi-Ferrigno.jpg","author_info":{"display_name":"Maria Antonella Saia","author_link":"https:\/\/www.messinaoggi.it\/website\/author\/m-saia\/"},"digistream_id":0,"digistream":false,"_links":{"self":[{"href":"https:\/\/www.messinaoggi.it\/website\/wp-json\/wp\/v2\/posts\/26282"}],"collection":[{"href":"https:\/\/www.messinaoggi.it\/website\/wp-json\/wp\/v2\/posts"}],"about":[{"href":"https:\/\/www.messinaoggi.it\/website\/wp-json\/wp\/v2\/types\/post"}],"author":[{"embeddable":true,"href":"https:\/\/www.messinaoggi.it\/website\/wp-json\/wp\/v2\/users\/5"}],"replies":[{"embeddable":true,"href":"https:\/\/www.messinaoggi.it\/website\/wp-json\/wp\/v2\/comments?post=26282"}],"version-history":[{"count":0,"href":"https:\/\/www.messinaoggi.it\/website\/wp-json\/wp\/v2\/posts\/26282\/revisions"}],"wp:featuredmedia":[{"embeddable":true,"href":"https:\/\/www.messinaoggi.it\/website\/wp-json\/wp\/v2\/media\/26283"}],"wp:attachment":[{"href":"https:\/\/www.messinaoggi.it\/website\/wp-json\/wp\/v2\/media?parent=26282"}],"wp:term":[{"taxonomy":"category","embeddable":true,"href":"https:\/\/www.messinaoggi.it\/website\/wp-json\/wp\/v2\/categories?post=26282"},{"taxonomy":"post_tag","embeddable":true,"href":"https:\/\/www.messinaoggi.it\/website\/wp-json\/wp\/v2\/tags?post=26282"}],"curies":[{"name":"wp","href":"https:\/\/api.w.org\/{rel}","templated":true}]}}