{"id":262796,"date":"2026-03-10T14:08:19","date_gmt":"2026-03-10T13:08:19","guid":{"rendered":"https:\/\/www.messinaoggi.it\/website\/2026\/03\/10\/flaccadori-e-magnini-a-scuola-a-milano-sport-come-antidoto-al-drop-out-giovanile\/"},"modified":"2026-03-10T14:08:19","modified_gmt":"2026-03-10T13:08:19","slug":"flaccadori-e-magnini-a-scuola-a-milano-sport-come-antidoto-al-drop-out-giovanile","status":"publish","type":"post","link":"https:\/\/www.messinaoggi.it\/website\/2026\/03\/10\/flaccadori-e-magnini-a-scuola-a-milano-sport-come-antidoto-al-drop-out-giovanile\/","title":{"rendered":"Flaccadori e Magnini a scuola a Milano: sport come antidoto al drop-out giovanile"},"content":{"rendered":"<div>MILANO (ITALPRESS) &#8211; <strong>Entusiasmo, partecipazione e tanta voglia di mettersi in gioco alla Scuola Secondaria di I Grado &#8220;S. Caterina da Siena&#8221; di Milano,<\/strong> protagonista del secondo appuntamento del percorso nazionale promosso da Sport e Salute e adidas per contrastare il fenomeno del drop-out sportivo tra i pi\u00f9 giovani.<div id=\"div-gpt-ad-Messinaoggi.it-DSK-300x250-corpoart\" style=\"text-align:center;margin:0 auto;\"><\/div><\/p>\n<p>Dopo il successo della prima tappa, il viaggio continua con un nuovo incontro dedicato agli studenti delle scuole secondarie di primo grado, un momento di confronto e attivit\u00e0 pensato per rafforzare il legame tra ragazzi e pratica sportiva in una fase delicata della crescita, in cui il rischio di abbandono aumenta.<div id=\"videoincontent\" style=\"clear:both\";><\/div><\/p>\n<p>A rendere speciale la mattinata la presenza di due ambassador adidas d&#8217;eccezione: Diego Flaccadori, campione di pallacanestro e punto di riferimento del basket italiano, e Filippo Magnini, ex campione del mondo di nuoto e simbolo di determinazione e resilienza. In palestra, tra esercizi dinamici, tiri a canestro e momenti di gioco di squadra, gli studenti sono stati coinvolti in un&#8217;esperienza che ha unito attivit\u00e0 fisica e dialogo. Accanto ai tecnici del progetto Scuola Attiva Junior, Flaccadori e Magnini hanno guidato alcune attivit\u00e0 e condiviso le proprie esperienze personali, raccontando come lo sport li abbia aiutati a superare difficolt\u00e0, a gestire le sconfitte e a costruire fiducia in s\u00e8 stessi.\u00a0 <em>&#8220;Ci sono momenti in cui \u00e8 facile mollare<\/em> &#8211; ha raccontato Diego <strong>Flaccadori<\/strong> &#8211;<em> ma \u00e8 proprio l\u00ec che lo sport ti insegna a restare, a credere nel lavoro quotidiano e nei tuoi compagni. Se riusciamo a trasmettere questo ai ragazzi, abbiamo gi\u00e0 vinto&#8221;.<\/em> Sulla stessa linea Filippo <strong>Magnini:<\/strong><em> &#8220;Lo sport ti mette alla prova, ma ti regala anche strumenti fondamentali per la vita: disciplina, rispetto, capacit\u00e0 di reagire. E&#8217; importante che i ragazzi trovino un ambiente positivo, dove sentirsi sostenuti e non giudicati&#8221;<\/em>.<\/p>\n<p>Il progetto, articolato in sei tappe nazionali, si conferma un percorso educativo inclusivo e continuativo che mette al centro il benessere psicofisico dei giovani. Ogni appuntamento affronta una tematica specifica legata al contrasto del drop-out, con l&#8217;obiettivo di costruire una relazione autentica e duratura con l&#8217;attivit\u00e0 sportiva. Workshop, attivit\u00e0 pratiche e momenti di confronto diretto con grandi atleti diventano cos\u00ec occasioni ad alto valore sociale, in cui lo sport si trasforma in linguaggio universale capace di creare connessioni, rafforzare l&#8217;autostima e promuovere partecipazione attiva. Perch\u00e8 quando un ragazzo sceglie di continuare a fare sport, non sta solo coltivando una passione: sta investendo nel proprio equilibrio, nella propria crescita e nel proprio futuro. E riportare il movimento al centro della scuola significa costruire una comunit\u00e0 pi\u00f9 forte, inclusiva e consapevole, un passo alla volta.<\/p>\n<p>&#8211; foto ufficio stampa Sport e Salute &#8211;<\/p>\n<p>(ITALPRESS).<\/p><\/div>\n","protected":false},"excerpt":{"rendered":"<p>MILANO (ITALPRESS) &#8211; Entusiasmo, partecipazione e tanta voglia di mettersi in gioco alla Scuola Secondaria di I Grado &#8220;S. Caterina da Siena&#8221; di Milano, protagonista del secondo appuntamento del percorso nazionale promosso da Sport e Salute e adidas per contrastare il fenomeno del drop-out sportivo tra i pi\u00f9 giovani. Dopo il successo della prima tappa, [&hellip;]<\/p>\n","protected":false},"author":18,"featured_media":262797,"comment_status":"closed","ping_status":"closed","sticky":false,"template":"","format":"standard","meta":{"ub_ctt_via":"","_mi_skip_tracking":false},"categories":[446],"tags":[783],"featured_image_src":"https:\/\/www.messinaoggi.it\/website\/wp-content\/uploads\/2026\/03\/20260310_0879.jpg","author_info":{"display_name":"Admin","author_link":"https:\/\/www.messinaoggi.it\/website\/author\/admin\/"},"digistream_id":0,"digistream":false,"_links":{"self":[{"href":"https:\/\/www.messinaoggi.it\/website\/wp-json\/wp\/v2\/posts\/262796"}],"collection":[{"href":"https:\/\/www.messinaoggi.it\/website\/wp-json\/wp\/v2\/posts"}],"about":[{"href":"https:\/\/www.messinaoggi.it\/website\/wp-json\/wp\/v2\/types\/post"}],"author":[{"embeddable":true,"href":"https:\/\/www.messinaoggi.it\/website\/wp-json\/wp\/v2\/users\/18"}],"replies":[{"embeddable":true,"href":"https:\/\/www.messinaoggi.it\/website\/wp-json\/wp\/v2\/comments?post=262796"}],"version-history":[{"count":0,"href":"https:\/\/www.messinaoggi.it\/website\/wp-json\/wp\/v2\/posts\/262796\/revisions"}],"wp:featuredmedia":[{"embeddable":true,"href":"https:\/\/www.messinaoggi.it\/website\/wp-json\/wp\/v2\/media\/262797"}],"wp:attachment":[{"href":"https:\/\/www.messinaoggi.it\/website\/wp-json\/wp\/v2\/media?parent=262796"}],"wp:term":[{"taxonomy":"category","embeddable":true,"href":"https:\/\/www.messinaoggi.it\/website\/wp-json\/wp\/v2\/categories?post=262796"},{"taxonomy":"post_tag","embeddable":true,"href":"https:\/\/www.messinaoggi.it\/website\/wp-json\/wp\/v2\/tags?post=262796"}],"curies":[{"name":"wp","href":"https:\/\/api.w.org\/{rel}","templated":true}]}}