{"id":262761,"date":"2026-03-10T00:08:17","date_gmt":"2026-03-09T23:08:17","guid":{"rendered":"https:\/\/www.messinaoggi.it\/website\/2026\/03\/09\/latalanta-si-prepara-per-il-bayern-palladino-vogliamo-unaltra-notte-magica\/"},"modified":"2026-03-10T09:43:23","modified_gmt":"2026-03-10T08:43:23","slug":"latalanta-si-prepara-per-il-bayern-palladino-vogliamo-unaltra-notte-magica","status":"publish","type":"post","link":"https:\/\/www.messinaoggi.it\/website\/2026\/03\/10\/latalanta-si-prepara-per-il-bayern-palladino-vogliamo-unaltra-notte-magica\/","title":{"rendered":"L\u2019Atalanta si prepara per il Bayern, Palladino \u201cVogliamo un\u2019altra notte magica\u201d"},"content":{"rendered":"<div>BERGAMO (ITALPRESS) &#8211; <em><strong>&#8220;Per noi domani sar\u00e0 una notte magica, bellissima, che vogliamo goderci<\/strong>. E&#8217; un sogno essere agli ottavi e affrontare una squadra cos\u00ec forte, una delle pi\u00f9 forti al mondo e forse la pi\u00f9 in forma in Europa. Conosciamo la loro forza ma i sogni esistono per viverli e noi vogliamo viverlo a occhi aperti. Vogliamo giocarcela, essere competitivi, metterli in difficolt\u00e0. Siamo in casa nostra e vogliamo ripetere la prestazione vista col Borussia Dortmund&#8221;.<\/em> Raffaele <strong>Palladino<\/strong> prova ad alleggerire la tensione alla vigilia dell&#8217;andata degli ottavi di Champions che vedr\u00e0 domani l&#8217;Atalanta ospitare il Bayern Monaco.<div id=\"div-gpt-ad-Messinaoggi.it-DSK-300x250-corpoart\" style=\"text-align:center;margin:0 auto;\"><\/div><\/p>\n<p><strong>La Dea \u00e8 l&#8217;ultima italiana rimasta in corsa in Champions <\/strong><em><strong>&#8220;ed \u00e8 motivo di grande orgoglio<\/strong>, una bella soddisfazione. Tiferanno tutti per noi? Speriamo che questa spinta porti bene. Non vogliamo porci limiti<\/em> &#8211; assicura Palladino &#8211; <em>Vogliamo giocarcela sapendo che loro sono una squadra veramente forte, l&#8217;abbiamo studiata ed \u00e8 stato anche bello farlo&#8221;.<\/em><div id=\"videoincontent\" style=\"clear:both\";><\/div><\/p>\n<p>Il tecnico sa che<strong> il Bayern <\/strong><em><strong>&#8220;ha pochi punti deboli,<\/strong> sar\u00e0 una partita dove curare tutti i dettagli. Hanno grandi individualit\u00e0, davanti attaccano la profondit\u00e0 ma non ci dobbiamo snaturare, dobbiamo essere noi stessi, senza mai abbassare il ritmo ma alzando l&#8217;intensit\u00e0: \u00e8 la nostra forza, il nostro Dna. E&#8217; una partita da mission impossibile ma bella da affrontare, ho visto i ragazzi concentrati ma tranquilli nel preparare la gara<\/em> &#8211; continua &#8211; M<em>i sarebbe piaciuto essere qui con tutti a disposizione, in attacco senza Raspadori e De Ketelaere ci manca qualcosa, Ederson e Scalvini sono fondamentali per noi ma non sono abituato a lamentarmi, non guardo a chi manca ma a chi c&#8217;\u00e8 e sono sicuro che daranno tutto per questa maglia&#8221;.<\/em><\/p>\n<p>E sul fatto che l&#8217;Atalanta si sia un p\u00f2 distratta in campionato in vista della Champions, Palladino ribatte:<em> &#8220;Non abbiamo staccato la spina, c&#8217;\u00e8 stato il passo falso col Sassuolo ma con l&#8217;Udinese abbiamo fatto una grande rimonta&#8221;.<\/em><\/p>\n<p>Nelle grandi sfide sa esaltarsi Mario <strong>Pasalic,<\/strong> fra i protagonisti della rimonta contro il Borussia Dortmund. <em>&#8220;Sappiamo di affrontare una delle migliori squadre al mondo, fra le favorite per vincere la Champions. Cercheremo di mettere tutto quello che abbiamo per fare un&#8217;altra impresa, vogliamo vivere un&#8217;altra notte magica. L&#8217;abbiamo preparata bene, anche loro hanno qualche punto debole e cercheremo di sfruttarlo<\/em> &#8211; aggiunge il centrocampista croato &#8211; <em>Dobbiamo essere coraggiosi e giocare le nostre carte. Sono 180 minuti, domani \u00e8 il primo tempo e dovremo mettere le basi per poi fare un&#8217;altra impresa al ritorno&#8221;.<\/em><\/p>\n<p>&#8211; foto Ipa Agency &#8211;<br \/>\n(ITALPRESS).<\/p><\/div>\n","protected":false},"excerpt":{"rendered":"<p>BERGAMO (ITALPRESS) &#8211; &#8220;Per noi domani sar\u00e0 una notte magica, bellissima, che vogliamo goderci. E&#8217; un sogno essere agli ottavi e affrontare una squadra cos\u00ec forte, una delle pi\u00f9 forti al mondo e forse la pi\u00f9 in forma in Europa. Conosciamo la loro forza ma i sogni esistono per viverli e noi vogliamo viverlo a [&hellip;]<\/p>\n","protected":false},"author":18,"featured_media":262762,"comment_status":"closed","ping_status":"closed","sticky":false,"template":"","format":"standard","meta":{"ub_ctt_via":"","_mi_skip_tracking":false},"categories":[10,446,9],"tags":[783],"featured_image_src":"https:\/\/www.messinaoggi.it\/website\/wp-content\/uploads\/2026\/03\/20260309_2532.jpg","author_info":{"display_name":"Admin","author_link":"https:\/\/www.messinaoggi.it\/website\/author\/admin\/"},"digistream_id":0,"digistream":false,"_links":{"self":[{"href":"https:\/\/www.messinaoggi.it\/website\/wp-json\/wp\/v2\/posts\/262761"}],"collection":[{"href":"https:\/\/www.messinaoggi.it\/website\/wp-json\/wp\/v2\/posts"}],"about":[{"href":"https:\/\/www.messinaoggi.it\/website\/wp-json\/wp\/v2\/types\/post"}],"author":[{"embeddable":true,"href":"https:\/\/www.messinaoggi.it\/website\/wp-json\/wp\/v2\/users\/18"}],"replies":[{"embeddable":true,"href":"https:\/\/www.messinaoggi.it\/website\/wp-json\/wp\/v2\/comments?post=262761"}],"version-history":[{"count":1,"href":"https:\/\/www.messinaoggi.it\/website\/wp-json\/wp\/v2\/posts\/262761\/revisions"}],"predecessor-version":[{"id":262778,"href":"https:\/\/www.messinaoggi.it\/website\/wp-json\/wp\/v2\/posts\/262761\/revisions\/262778"}],"wp:featuredmedia":[{"embeddable":true,"href":"https:\/\/www.messinaoggi.it\/website\/wp-json\/wp\/v2\/media\/262762"}],"wp:attachment":[{"href":"https:\/\/www.messinaoggi.it\/website\/wp-json\/wp\/v2\/media?parent=262761"}],"wp:term":[{"taxonomy":"category","embeddable":true,"href":"https:\/\/www.messinaoggi.it\/website\/wp-json\/wp\/v2\/categories?post=262761"},{"taxonomy":"post_tag","embeddable":true,"href":"https:\/\/www.messinaoggi.it\/website\/wp-json\/wp\/v2\/tags?post=262761"}],"curies":[{"name":"wp","href":"https:\/\/api.w.org\/{rel}","templated":true}]}}