{"id":262737,"date":"2026-03-09T13:48:17","date_gmt":"2026-03-09T12:48:17","guid":{"rendered":"https:\/\/www.messinaoggi.it\/website\/2026\/03\/09\/premio-stella-di-palermo-2026-le-eccellenze-premiate-a-villa-igiea\/"},"modified":"2026-03-09T13:48:17","modified_gmt":"2026-03-09T12:48:17","slug":"premio-stella-di-palermo-2026-le-eccellenze-premiate-a-villa-igiea","status":"publish","type":"post","link":"https:\/\/www.messinaoggi.it\/website\/2026\/03\/09\/premio-stella-di-palermo-2026-le-eccellenze-premiate-a-villa-igiea\/","title":{"rendered":"\u201cPremio Stella di Palermo 2026\u201d, le eccellenze premiate a Villa Igiea"},"content":{"rendered":"<div>\n<p>PALERMO (ITALPRESS) \u2013 <strong>Sono diversi i nomi nei settori della cultura, dello spettacolo, del giornalismo, del volontariato, delle attivit\u00e0 sociali e della sanit\u00e0 ad avere ricevuto, quest\u2019anno, il \u201cPremio Stella di Palermo 2026\u201d<\/strong> che celebra le eccellenze del capoluogo siciliano distintesi per impegno, talento e dedizione nei rispettivi ambiti, con risultati di grande valore per la comunit\u00e0. La cerimonia si \u00e8 svolta a Villa Igiea Rocco Forte Hotels, a Palermo, ed \u00e8 stata organizzata dal Pool Antiviolenza e per la Legalit\u00e0 e dall\u2019Inner Wheel Club di Palermo Normanna. Molti i premiati del mondo della cultura, dello spettacolo e del giornalismo. Tra questi, Francesco Giambrone, Jean Sebastian Colau, Alberto Samon\u00e0, Marina Turco, Donata Agnello e molti altri.<div id=\"div-gpt-ad-Messinaoggi.it-DSK-300x250-corpoart\" style=\"text-align:center;margin:0 auto;\"><\/div><\/p>\n<p>Tra le personalit\u00e0 del mondo della cultura, il \u201cPremio Stella di Palermo\u201d \u00e8 stato assegnato ad<strong> Alberto Samon\u00e0,<\/strong> giornalista e scrittore, componente del Cda del Parco Archeologico del Colosseo, di recente nominato direttore dell\u2019Istituto Villa Adriana e Villa d\u2019Este, gi\u00e0 Assessore regionale ai Beni culturali, che durante il suo mandato, ha contribuito in maniera determinante a valorizzare e tutelare il patrimonio culturale. Tra i successi, l\u2019aver riportato definitivamente in Sicilia i celebri \u201cArgenti di Morgantina\u201d, i reperti custoditi nel museo archeologico di Aidone che, dal 2006, ogni quattro anni, in virt\u00f9 di un precedente accordo, abbandonavano la regione alla volta del Metropolitan Museum di New York: <em>\u201cUn obiettivo, conseguito<\/em> \u2013 ha detto \u2013 <em>grazie all\u2019intesa siglata tra il museo newyorkese e il Salinas di Palermo con cui nel 2022 abbiamo messo fine a questi continui spostamenti. Un\u2019operazione che ho voluto fortemente e che siamo riusciti a concludere con successo, grazie all\u2019impegno dell\u2019allora direttrice del Museo Salinas Caterina Greco e di uno staff di validissimi studiosi e collaboratori\u201d.<\/em><div id=\"videoincontent\" style=\"clear:both\";><\/div><\/p>\n<p>Sempre in ambito culturale, il premio \u00e8 andato a <strong>Francesco Giambrone<\/strong>, gi\u00e0 sovrintendente del Teatro Massimo di Palermo e da anni sovrintendente del Teatro dell\u2019Opera di Roma, figura di primo piano nel panorama culturale italiano, gi\u00e0 componente del board di diversi teatri lirici d\u2019Europa, per il suo impegno nella valorizzazione e nella diffusione della cultura musicale italiana nel mondo. Nel ricevere il Premio, Giambrone ha ricordato il periodo della riapertura del Teatro Massimo di Palermo, una scommessa vinta per la Citt\u00e0, che dopo decenni ritrov\u00f2 il proprio teatro. Un momento di gioia per l\u2019intera collettivit\u00e0 e una scommessa vinta.<\/p>\n<p>Premiata <strong>Marina Turco,<\/strong> caporedattore e responsabile delle news del TGS, docente e ricercatrice presso l\u2019Universit\u00e0 degli Studi di Palermo, Dipartimento Cultura e Societ\u00e0. La giornalista ha sottolineato il valore della professione, l\u2019importanza dell\u2019affidabilit\u00e0 delle fonti e del lavoro di squadra in redazione, per garantire un\u2019informazione puntuale e corretta. Ha dedicato il premio alle giornaliste e ai giornalisti di TGS, che quotidianamente lavorano insieme a lei.<\/p>\n<p>Tra le giornaliste, <strong>Donata Agnello,<\/strong> direttore di I Love Sicilia, che ha proseguito con determinazione il progetto editoriale del marito Francesco Foresta, fondando anche l\u2019Associazione Francesco Foresta ODV a sostegno della ricerca oncologica e delle famiglie dei pazienti fuori sede.<\/p>\n<p>Ancora spazio alla cultura con <strong>Jean Sebastian Colau<\/strong>, direttore del Corpo di Ballo del Teatro Massimo di Palermo, \u00e9toile, coreografo e ma\u00eetre de ballet di fama internazionale. Colau ha ringraziato Palermo per il calore con cui da anni la citt\u00e0 lo ha accolto e per il pubblico sempre numeroso e qualificato che partecipa alle stagioni del Teatro Massimo e ha auspicato che, anche nel capoluogo siciliano, possa nascere una scuola di danza, in grado di competere con le altre grandi scuole delle pi\u00f9 importanti capitali europee.<\/p>\n<p>Il Premio Stella di Palermo \u00e8 stato conferito inoltre a numerose personalit\u00e0 e realt\u00e0 associative che operano nel campo della sanit\u00e0 e del volontariato. Tra queste, l\u2019AIRC, rappresentata dal consigliere delegato nazionale Daniele Finocchiaro; il F.A.P.S.; il Centro per la Terapia del Dolore presso La Maddalena, diretto da Sebastiano Mercadante, insieme al coordinamento dei volontari guidato da Clara Monroy.<\/p>\n<p>Riconoscimento di prestigio al professor <strong>Salvatore Gruttadauria<\/strong>, direttore di Dipartimento presso l\u2019ISMETT, eccellenza internazionale nei trapianti addominali e primo operatore per i trapianti di fegato e pancreas da donatore vivente.<\/p>\n<p>Premiato anche <strong>Salvatore Saporito,<\/strong> presidente della Banca di Credito Cooperativo Toniolo e San Michele di San Cataldo, istituto che ha recentemente celebrato i 130 anni dalla fondazione e che oggi opera anche a Palermo, sostenendo famiglie, imprese e comunit\u00e0 locali.<\/p>\n<p>Premio al giovane e talentuoso pianista <strong>Vincenzo Colonna Romano<\/strong>, esempio di dedizione e visione per le nuove generazioni.<\/p>\n<p>Per il cinema, riconoscimento ad <strong>Alessio Vassallo<\/strong>, che in vent\u2019anni di carriera tra film, fiction e teatro ha sempre mantenuto un forte legame con Palermo e con la complessit\u00e0 della sua terra.<\/p>\n<p>Premi anche per <strong>Giusi Cataldo<\/strong>, attrice e regista, gi\u00e0 insignita nel 2025 come migliore attrice per il cortometraggio \u201cHa toccato\u201d, impegnata anche nell\u2019ascolto delle persone ipovedenti.<\/p>\n<p>Il premio per la legalit\u00e0 \u00e8 stato conferito a <strong>Francesco Mongiov\u00ec<\/strong>, gi\u00e0 sovrintendente capo della Polizia di Stato, componente della scorta della Quarto Savona 15 a protezione del giudice Giovanni Falcone e successivamente impegnato nella sezione catturandi.<\/p>\n<p>Riconoscimenti anche a <strong>Elvira Rotigliano<\/strong>, presidente dell\u2019Associazione Antiviolenza Le Onde, per il lavoro di ascolto e reinserimento sociale delle donne vittime di violenza; ad <strong>Anna Barbera e Lina Prosa<\/strong>, fondatrici del Centro Amazzone, per l\u2019innovativa visione del cancro al seno attraverso il mito, la scienza e il teatro.<\/p>\n<p>Riconoscimento anche all\u2019editrice <strong>Stefania Baio e a Licia Raimondi<\/strong>, direttore responsabile del magazine Sicily Mag, per aver creduto e sviluppato un progetto editoriale capillare in tutta la Sicilia.<\/p>\n<p>Per lo sport, premiato <strong>Rosario Argento<\/strong>, gi\u00e0 dirigente sportivo del Palermo FC, oggi collaboratore della squadra giovanile femminile di calcio.<\/p>\n<p>Con una targa alla memoria \u00e8 stata infine ricordata la figura di <strong>Aldo Morgante,<\/strong> direttore artistico del suo Teatro Al Massimo, recentemente scomparso, al quale \u00e8 stato tributato un lungo e commosso applauso.<\/p>\n<p>La cerimonia \u00e8 stata patrocinata dalla Citt\u00e0 Metropolitana di Palermo, con il sostegno della Banca di Credito Cooperativo Toniolo e San Michele di San Cataldo, Federfarma, Fondazione Chiazzese per l\u2019Arte e la Cultura. <em>\u201cViviamo tempi in cui non \u00e8 scontato distinguersi per dedizione, competenza e umanit\u00e0<\/em> \u2013 ha dichiarato la presidente del premio <strong>Angela Fundar\u00f2<\/strong> \u2013<em> per questo \u00e8 importante fermarsi, guardarsi, e dire grazia a chi, con il proprio lavoro e il proprio esempio, taluni senza la luce della ribalta, riesce a fare la differenza ogni giorno. Un invito, dunque, a continuare a credere nei propri valori, a guardare in alto senza dimenticare i propri natali, a continuare a brillare considerandosi una stella di questa citt\u00e0 tanto amata, ma dalla quale sono partite tante persone per raggiungere i loro obiettivi in una terra che purtroppo talvolta non li ha saputi trattenere\u201d.<\/em><\/p>\n<p>\u2013 foto ufficio stampa Premio Stella di Palermo \u2013<\/p>\n<p>(ITALPRESS).<\/p>\n<\/div>\n","protected":false},"excerpt":{"rendered":"<p>PALERMO (ITALPRESS) \u2013 Sono diversi i nomi nei settori della cultura, dello spettacolo, del giornalismo, del volontariato, delle attivit\u00e0 sociali e della sanit\u00e0 ad avere ricevuto, quest\u2019anno, il \u201cPremio Stella di Palermo 2026\u201d che celebra le eccellenze del capoluogo siciliano distintesi per impegno, talento e dedizione nei rispettivi ambiti, con risultati di grande valore per [&hellip;]<\/p>\n","protected":false},"author":18,"featured_media":262738,"comment_status":"closed","ping_status":"closed","sticky":false,"template":"","format":"standard","meta":{"ub_ctt_via":"","_mi_skip_tracking":false},"categories":[2449],"tags":[783],"featured_image_src":"https:\/\/www.messinaoggi.it\/website\/wp-content\/uploads\/2026\/03\/Premio-Stella-di-Palermo.jpeg","author_info":{"display_name":"Admin","author_link":"https:\/\/www.messinaoggi.it\/website\/author\/admin\/"},"digistream_id":0,"digistream":false,"_links":{"self":[{"href":"https:\/\/www.messinaoggi.it\/website\/wp-json\/wp\/v2\/posts\/262737"}],"collection":[{"href":"https:\/\/www.messinaoggi.it\/website\/wp-json\/wp\/v2\/posts"}],"about":[{"href":"https:\/\/www.messinaoggi.it\/website\/wp-json\/wp\/v2\/types\/post"}],"author":[{"embeddable":true,"href":"https:\/\/www.messinaoggi.it\/website\/wp-json\/wp\/v2\/users\/18"}],"replies":[{"embeddable":true,"href":"https:\/\/www.messinaoggi.it\/website\/wp-json\/wp\/v2\/comments?post=262737"}],"version-history":[{"count":0,"href":"https:\/\/www.messinaoggi.it\/website\/wp-json\/wp\/v2\/posts\/262737\/revisions"}],"wp:featuredmedia":[{"embeddable":true,"href":"https:\/\/www.messinaoggi.it\/website\/wp-json\/wp\/v2\/media\/262738"}],"wp:attachment":[{"href":"https:\/\/www.messinaoggi.it\/website\/wp-json\/wp\/v2\/media?parent=262737"}],"wp:term":[{"taxonomy":"category","embeddable":true,"href":"https:\/\/www.messinaoggi.it\/website\/wp-json\/wp\/v2\/categories?post=262737"},{"taxonomy":"post_tag","embeddable":true,"href":"https:\/\/www.messinaoggi.it\/website\/wp-json\/wp\/v2\/tags?post=262737"}],"curies":[{"name":"wp","href":"https:\/\/api.w.org\/{rel}","templated":true}]}}