{"id":262725,"date":"2026-03-09T10:08:18","date_gmt":"2026-03-09T09:08:18","guid":{"rendered":"https:\/\/www.messinaoggi.it\/website\/2026\/03\/09\/urso-freneremo-la-corsa-dei-carburanti\/"},"modified":"2026-03-09T10:08:18","modified_gmt":"2026-03-09T09:08:18","slug":"urso-freneremo-la-corsa-dei-carburanti","status":"publish","type":"post","link":"https:\/\/www.messinaoggi.it\/website\/2026\/03\/09\/urso-freneremo-la-corsa-dei-carburanti\/","title":{"rendered":"Urso \u201cFreneremo la corsa dei carburanti\u201d"},"content":{"rendered":"<div>ROMA (ITALPRESS) &#8211; <em>&#8220;A differenza di quanto accadde quattro anni fa, oggi abbiamo strumenti pi\u00f9 efficaci per contrastare la speculazione e stroncare la spirale inflattiva che allora falcidi\u00f2 il potere d&#8217;acquisto delle famiglie. Con il decreto-legge n.5 del 14 gennaio 2023 abbiamo istituito un efficace sistema di monitoraggio sia sulla rete di distribuzione del carburante sia sull&#8217;intera catena del valore, anche sulla filiera alimentare, che ci consente di intervenire attivando, ove necessario, la Guardia di Finanza e gli altri organi di controllo. Anche per questo nel 2024 e nel 2025 <strong>il prezzo del carburante \u00e8 rimasto a livelli contenuti, con effetti positivi anche sull&#8217;inflazione, che lo scorso anno \u00e8 stata appena dell&#8217;1,5%, tra le pi\u00f9 basse d&#8217;Europa&#8221;<\/strong>.<\/em> A parlare, in un&#8217;intervista a La Stampa, \u00e8 il <strong>ministro delle imprese e del Made in Italy, Adolfo Urso.<\/strong><div id=\"div-gpt-ad-Messinaoggi.it-DSK-300x250-corpoart\" style=\"text-align:center;margin:0 auto;\"><\/div><\/p>\n<p><em>&#8220;Il Comitato di allerta rapida<\/em> &#8211; aggiunge &#8211;<em> \u00e8 stato attivato prontamente gi\u00e0 una settimana fa e abbiamo realizzato una task force operativa in raccordo con la GdF. Con lo stesso decreto del 2023 abbiamo anche previsto la possibilit\u00e0 di attivare l&#8217;accisa mobile, ove la crescita superasse il parametro indicato nella precedente Nadef, al fine di utilizzare le maggiori risorse dell&#8217;Iva per tagliare l&#8217;accisa o per compensare direttamente consumatori e imprese. Ovviamente, tutto dipende dalla durata e dall&#8217;estensione del conflitto, che nessuno \u00e8 in grado di prevedere&#8221;.<br \/>\n<\/em><br \/>\n<strong><em>&#8220;Interverremo in tempo per ridurre, per quanto possibile<\/em><\/strong> &#8211; prosegue &#8211; <strong><em>eventuali impatti su famiglie e imprese. Oggi abbiamo gli strumenti per farlo; nei prossimi giorni definiremo in che misura e con quali risorse&#8221;.<br \/>\n<\/em><\/strong><br \/>\nPer Urso <em>&#8220;l&#8217;Europa deve cambiare paradigma, subito. Deve far da s\u00e8, garantendo la propria autonomia strategica. Per quanto riguarda l&#8217;energia e le materie prime critiche, ma anche per quanto riguarda la Difesa e lo Spazio, le nuove frontiere della tecnologia, a cominciare dall&#8217;Ai e dal Quantum. La proposta del &#8220;Made in Europe&#8221; contenuta nell&#8217;Industrial Accelerator Act \u00e8 un primo passo, ma non basta. <strong>Dobbiamo fare in fretta, perch\u00e8 la guerra circonda l&#8217;Europa. Dobbiamo prendere atto della realt\u00e0. O diventeremo irrilevanti, alla merc\u00e8 degli altri e delle loro decisioni&#8221;.<br \/>\n<\/strong><\/em><br \/>\n-foto Ipa Agency &#8211;<br \/>\n(ITALPRESS).<\/div>\n<div id=\"videoincontent\" style=\"clear:both\";><\/div>","protected":false},"excerpt":{"rendered":"<p>ROMA (ITALPRESS) &#8211; &#8220;A differenza di quanto accadde quattro anni fa, oggi abbiamo strumenti pi\u00f9 efficaci per contrastare la speculazione e stroncare la spirale inflattiva che allora falcidi\u00f2 il potere d&#8217;acquisto delle famiglie. Con il decreto-legge n.5 del 14 gennaio 2023 abbiamo istituito un efficace sistema di monitoraggio sia sulla rete di distribuzione del carburante [&hellip;]<\/p>\n","protected":false},"author":18,"featured_media":262726,"comment_status":"closed","ping_status":"closed","sticky":false,"template":"","format":"standard","meta":{"ub_ctt_via":"","_mi_skip_tracking":false},"categories":[446],"tags":[783],"featured_image_src":"https:\/\/www.messinaoggi.it\/website\/wp-content\/uploads\/2026\/03\/20260309_0133.jpg","author_info":{"display_name":"Admin","author_link":"https:\/\/www.messinaoggi.it\/website\/author\/admin\/"},"digistream_id":0,"digistream":false,"_links":{"self":[{"href":"https:\/\/www.messinaoggi.it\/website\/wp-json\/wp\/v2\/posts\/262725"}],"collection":[{"href":"https:\/\/www.messinaoggi.it\/website\/wp-json\/wp\/v2\/posts"}],"about":[{"href":"https:\/\/www.messinaoggi.it\/website\/wp-json\/wp\/v2\/types\/post"}],"author":[{"embeddable":true,"href":"https:\/\/www.messinaoggi.it\/website\/wp-json\/wp\/v2\/users\/18"}],"replies":[{"embeddable":true,"href":"https:\/\/www.messinaoggi.it\/website\/wp-json\/wp\/v2\/comments?post=262725"}],"version-history":[{"count":0,"href":"https:\/\/www.messinaoggi.it\/website\/wp-json\/wp\/v2\/posts\/262725\/revisions"}],"wp:featuredmedia":[{"embeddable":true,"href":"https:\/\/www.messinaoggi.it\/website\/wp-json\/wp\/v2\/media\/262726"}],"wp:attachment":[{"href":"https:\/\/www.messinaoggi.it\/website\/wp-json\/wp\/v2\/media?parent=262725"}],"wp:term":[{"taxonomy":"category","embeddable":true,"href":"https:\/\/www.messinaoggi.it\/website\/wp-json\/wp\/v2\/categories?post=262725"},{"taxonomy":"post_tag","embeddable":true,"href":"https:\/\/www.messinaoggi.it\/website\/wp-json\/wp\/v2\/tags?post=262725"}],"curies":[{"name":"wp","href":"https:\/\/api.w.org\/{rel}","templated":true}]}}