{"id":262715,"date":"2026-03-09T08:59:01","date_gmt":"2026-03-09T07:59:01","guid":{"rendered":"http:\/\/www.messinaoggi.it\/website\/?p=262715"},"modified":"2026-03-09T08:59:05","modified_gmt":"2026-03-09T07:59:05","slug":"uil-fp-benvenuto-iacolino-collaboriamo-per-una-sanita-forte","status":"publish","type":"post","link":"https:\/\/www.messinaoggi.it\/website\/2026\/03\/09\/uil-fp-benvenuto-iacolino-collaboriamo-per-una-sanita-forte\/","title":{"rendered":"Uil-Fp: &#8220;Benvenuto Iacolino, collaboriamo per una Sanit\u00e0 forte&#8221;"},"content":{"rendered":"\n<p>La UIL FP in coincidenza con l\u2019arrivi del nuovo direttore generale dell\u2019Azienda Ospedaliera Universitaria \u201cG. Martino\u201d di Messina, rivolge il proprio saluto di benvenuto all\u2019avv. <strong>Salvatore Iacolino<\/strong>, insediatosi alla guida dell\u2019importante realt\u00e0 ospedaliero-universitaria. <div id=\"div-gpt-ad-Messinaoggi.it-DSK-300x250-corpoart\" style=\"text-align:center;margin:0 auto;\"><\/div><\/p>\n\n\n\n<p>All\u2019avv. Iacolino, professionista di comprovata esperienza e profonda conoscenza del sistema sanitario, maturata nel corso di un lungo percorso professionale iniziato nel 1988 prima come funzionario e successivamente come dirigente, nonch\u00e9 gi\u00e0 Direttore del Dipartimento di Pianificazione Strategica dell\u2019Assessorato regionale della Salute, la UIL FP formula i migliori auguri di buon lavoro per il prestigioso incarico assunto. La UIL FP, consapevole delle riconosciute competenze del nuovo Direttore Generale, auspica l\u2019avvio di un confronto serio e costruttivo nel pieno rispetto delle relazioni sindacali, finalizzato alla valorizzazione di tutte le professionalit\u00e0 che, con senso di appartenenza, dedizione e responsabilit\u00e0, hanno fino ad oggi garantito il buon funzionamento dell\u2019Azienda Ospedaliera Universitaria \u201cG. Martino\u201d. <div id=\"videoincontent\" style=\"clear:both\";><\/div><\/p>\n\n\n\n<p>La Uil-Fp riteniene fondamentale che possano essere avviate e\/o completate tutte le procedure amministrative e organizzative ancora non ultimate, cos\u00ec come l\u2019attuazione degli istituti contrattuali ad oggi rimasti in sospeso, elementi indispensabili per garantire certezze, diritti e giusto riconoscimento al personale. Come \u00e8 ben noto, la UIL FP si \u00e8 sempre battuta per una sanit\u00e0 pubblica efficiente, capace di mantenere e rafforzare i livelli essenziali di assistenza e di garantire ai cittadini cure adeguate e tempestive. Allo stesso tempo riteniamo imprescindibile assicurare condizioni di lavoro dignitose, valorizzazione professionale e benessere organizzativo per tutto il personale dell\u2019Azienda, sia dell\u2019area sanitaria \u2013 comparto e dirigenza \u2013 sia dell\u2019area amministrativa. <\/p>\n\n\n\n<p>\u00ab<em>La UIL FP \u2013 \u00a0afferma <strong>Livio Andronico<\/strong>, segretario generale Ui-FP Messina \u2013 continuer\u00e0 ad esercitare con determinazione il proprio ruolo di rappresentanza sindacale, nel rispetto delle istituzioni ma con la fermezza che contraddistingue la nostra organizzazione, affinch\u00e9 vengano garantiti i diritti dei lavoratori, la valorizzazione delle professionalit\u00e0 e il miglioramento delle condizioni di lavoro. Siamo pronti ad avviare un confronto serio e responsabile con la nuova Direzione aziendale, nella consapevolezza che il rafforzamento della sanit\u00e0 pubblica passa anche dalla tutela di chi ogni giorno, con professionalit\u00e0 e senso di responsabilit\u00e0, assicura servizi e assistenza ai cittadini. Con questo spirito, la UIL FP conferma la propria disponibilit\u00e0 al confronto e alla collaborazione istituzionale, nell\u2019interesse dei lavoratori, dei cittadini e del rafforzamento della sanit\u00e0 pubblica<\/em>\u00bb. <\/p>\n\n\n\n<p>Ha cosi concluso <strong>Livio Andronico<\/strong>. \u00a0<\/p>\n","protected":false},"excerpt":{"rendered":"<p>La UIL FP in coincidenza con l\u2019arrivi del nuovo direttore generale dell\u2019Azienda Ospedaliera Universitaria \u201cG. Martino\u201d di Messina, rivolge il proprio saluto di benvenuto all\u2019avv. Salvatore Iacolino, insediatosi alla guida dell\u2019importante realt\u00e0 ospedaliero-universitaria. All\u2019avv. Iacolino, professionista di comprovata esperienza e profonda conoscenza del sistema sanitario, maturata nel corso di un lungo percorso professionale iniziato nel [&hellip;]<\/p>\n","protected":false},"author":2,"featured_media":207484,"comment_status":"open","ping_status":"open","sticky":false,"template":"","format":"standard","meta":{"ub_ctt_via":"","_mi_skip_tracking":false},"categories":[6],"tags":[2462,1932,12716,12878],"featured_image_src":"https:\/\/www.messinaoggi.it\/website\/wp-content\/uploads\/2024\/08\/unnamed.jpg","author_info":{"display_name":"Redazione","author_link":"https:\/\/www.messinaoggi.it\/website\/author\/redazione\/"},"digistream_id":0,"digistream":false,"_links":{"self":[{"href":"https:\/\/www.messinaoggi.it\/website\/wp-json\/wp\/v2\/posts\/262715"}],"collection":[{"href":"https:\/\/www.messinaoggi.it\/website\/wp-json\/wp\/v2\/posts"}],"about":[{"href":"https:\/\/www.messinaoggi.it\/website\/wp-json\/wp\/v2\/types\/post"}],"author":[{"embeddable":true,"href":"https:\/\/www.messinaoggi.it\/website\/wp-json\/wp\/v2\/users\/2"}],"replies":[{"embeddable":true,"href":"https:\/\/www.messinaoggi.it\/website\/wp-json\/wp\/v2\/comments?post=262715"}],"version-history":[{"count":1,"href":"https:\/\/www.messinaoggi.it\/website\/wp-json\/wp\/v2\/posts\/262715\/revisions"}],"predecessor-version":[{"id":262716,"href":"https:\/\/www.messinaoggi.it\/website\/wp-json\/wp\/v2\/posts\/262715\/revisions\/262716"}],"wp:featuredmedia":[{"embeddable":true,"href":"https:\/\/www.messinaoggi.it\/website\/wp-json\/wp\/v2\/media\/207484"}],"wp:attachment":[{"href":"https:\/\/www.messinaoggi.it\/website\/wp-json\/wp\/v2\/media?parent=262715"}],"wp:term":[{"taxonomy":"category","embeddable":true,"href":"https:\/\/www.messinaoggi.it\/website\/wp-json\/wp\/v2\/categories?post=262715"},{"taxonomy":"post_tag","embeddable":true,"href":"https:\/\/www.messinaoggi.it\/website\/wp-json\/wp\/v2\/tags?post=262715"}],"curies":[{"name":"wp","href":"https:\/\/api.w.org\/{rel}","templated":true}]}}