{"id":26270,"date":"2018-11-02T10:32:17","date_gmt":"2018-11-02T09:32:17","guid":{"rendered":"http:\/\/www.messinaoggi.it\/website\/?p=26270"},"modified":"2018-11-02T10:32:17","modified_gmt":"2018-11-02T09:32:17","slug":"interi-quartieri-sommersi-di-rifiuti-inascoltato-lappello-di-messina-servizi","status":"publish","type":"post","link":"https:\/\/www.messinaoggi.it\/website\/2018\/11\/02\/interi-quartieri-sommersi-di-rifiuti-inascoltato-lappello-di-messina-servizi\/","title":{"rendered":"Interi quartieri sommersi di rifiuti, inascoltato l&#039;appello di Messina Servizi. Bloccato il viale Boccetta"},"content":{"rendered":"<p>Appello inascoltato, cos\u00ec Messina si \u00e8 risvegliata piena di immondizia. E&#8217; bastato un giorno senza raccolta per trasformare la citt\u00e0 in una discarica a cielo aperto. Lo aveva detto a chiare lettere il presidente di Messina Servizi, Giuseppe Lombardo, invitando la cittadinanza al rispetto delle regole. Anche questa volta l&#8217;appello \u00e8 caduto nel vuoto. Intere zone della citt\u00e0 sono sommerse di immondizia che trabocca dai cassonetti, infestando l&#8217;area e creando seri problemi di carattere igienico-sanitario.<br \/>\n<img loading=\"lazy\" class=\"alignnone size-medium wp-image-26272\" src=\"http:\/\/www.messinaoggi.it\/website\/wp-content\/uploads\/2018\/11\/spazzatura-rifiuti-300x300.jpg\" alt=\"\" width=\"300\" height=\"300\" \/>Via San Cosimo \u00e8 praticamente una discarica a cielo aperto, ma non va meglio sul viale Boccetta, dove questa mattina gli abitanti hanno messo in scena una plateale protesta, bloccando la circolazione stradale. A nulla sarebbero serviti i controlli sbandierati dal sindaco, Cateno De Luca.<br \/>\n<strong>Le nuove disposizioni. <\/strong>A decorrere dal 1\u00b0 ottobre, lo ricordiamo, \u00e8 possibile depositare rifiuti indifferenziati dal luned\u00ec al venerd\u00ec e nella giornata di domenica durante la fascia oraria che va dalle 17 alle 21. Il sabato e nei giorni festive vige il divieto assoluto di buttare la spazzatura.<div id=\"div-gpt-ad-Messinaoggi.it-DSK-300x250-corpoart\" style=\"text-align:center;margin:0 auto;\"><\/div><\/p>\n<div id=\"videoincontent\" style=\"clear:both\";><\/div>","protected":false},"excerpt":{"rendered":"<p>Appello inascoltato, cos\u00ec Messina si \u00e8 risvegliata piena di immondizia. E&#8217; bastato un giorno senza raccolta per trasformare la citt\u00e0 in una discarica a cielo aperto. Lo aveva detto a chiare lettere il presidente di Messina Servizi, Giuseppe Lombardo, invitando la cittadinanza al rispetto delle regole. Anche questa volta l&#8217;appello \u00e8 caduto nel vuoto. Intere [&hellip;]<\/p>\n","protected":false},"author":4,"featured_media":26274,"comment_status":"closed","ping_status":"open","sticky":false,"template":"","format":"standard","meta":{"ub_ctt_via":"","_mi_skip_tracking":false},"categories":[6],"tags":[],"featured_image_src":"https:\/\/www.messinaoggi.it\/website\/wp-content\/uploads\/2018\/11\/Rifiuti-Boccetta.jpg","author_info":{"display_name":"redme","author_link":"https:\/\/www.messinaoggi.it\/website\/author\/redme\/"},"digistream_id":0,"digistream":false,"_links":{"self":[{"href":"https:\/\/www.messinaoggi.it\/website\/wp-json\/wp\/v2\/posts\/26270"}],"collection":[{"href":"https:\/\/www.messinaoggi.it\/website\/wp-json\/wp\/v2\/posts"}],"about":[{"href":"https:\/\/www.messinaoggi.it\/website\/wp-json\/wp\/v2\/types\/post"}],"author":[{"embeddable":true,"href":"https:\/\/www.messinaoggi.it\/website\/wp-json\/wp\/v2\/users\/4"}],"replies":[{"embeddable":true,"href":"https:\/\/www.messinaoggi.it\/website\/wp-json\/wp\/v2\/comments?post=26270"}],"version-history":[{"count":0,"href":"https:\/\/www.messinaoggi.it\/website\/wp-json\/wp\/v2\/posts\/26270\/revisions"}],"wp:featuredmedia":[{"embeddable":true,"href":"https:\/\/www.messinaoggi.it\/website\/wp-json\/wp\/v2\/media\/26274"}],"wp:attachment":[{"href":"https:\/\/www.messinaoggi.it\/website\/wp-json\/wp\/v2\/media?parent=26270"}],"wp:term":[{"taxonomy":"category","embeddable":true,"href":"https:\/\/www.messinaoggi.it\/website\/wp-json\/wp\/v2\/categories?post=26270"},{"taxonomy":"post_tag","embeddable":true,"href":"https:\/\/www.messinaoggi.it\/website\/wp-json\/wp\/v2\/tags?post=26270"}],"curies":[{"name":"wp","href":"https:\/\/api.w.org\/{rel}","templated":true}]}}