{"id":262685,"date":"2026-03-08T15:17:23","date_gmt":"2026-03-08T14:17:23","guid":{"rendered":"http:\/\/www.messinaoggi.it\/website\/?p=262685"},"modified":"2026-03-09T09:40:13","modified_gmt":"2026-03-09T08:40:13","slug":"cavalli-di-ritorno-pronti-a-riabbracciare-de-luca","status":"publish","type":"post","link":"https:\/\/www.messinaoggi.it\/website\/2026\/03\/08\/cavalli-di-ritorno-pronti-a-riabbracciare-de-luca\/","title":{"rendered":"&#8220;Cavalli di ritorno&#8221; pronti a riabbracciare De Luca"},"content":{"rendered":"\n<p>Se n&#8217;erano andati via sbattendo la porta, alcuni hanno usato come &#8220;taxi&#8221; le liste di <strong>De Luca<\/strong> per essere eletti, altri, non avendo ricevuto nulla in &#8220;cambio&#8221;, hanno deciso di abbandonare la nave.<div id=\"div-gpt-ad-Messinaoggi.it-DSK-300x250-corpoart\" style=\"text-align:center;margin:0 auto;\"><\/div><\/p>\n\n\n\n<p>Sono i cosiddetti &#8220;<strong>cavalli di ritorno<\/strong>&#8220;, i politici che vanno dove spira il vento o dove pensano che spiri il vento che li porter\u00e0 ad essere rieletti in Consiglio comunale.<div id=\"videoincontent\" style=\"clear:both\";><\/div><\/p>\n\n\n\n<p><strong>Cateno De Luca<\/strong> da qualche giorno ha detto chiaramente di essere aperto all&#8217;accoglienza dei nuovi &#8220;migranti&#8221; della politica aprendo le braccia per accoglierli. In politica il tradimento \u00e8 qualcosa che va dimenticato in fretta soprattutto se la posta in gioco \u00e8 altissima.<\/p>\n\n\n\n<p>&#8220;<em>Voglio mille candidati<\/em>&#8221; ha detto il leader di &#8220;Sud chiama Nord&#8221;, come se un esercito di candidati sia sufficiente per vincere un&#8217;elezione. O per essere precisi per fare eleggere il sindaco di Messina. Perch\u00e8, poi alla resa dei conti, \u00e8 quella che interessa a<strong> De Luca<\/strong>. Ovvero, tenere in mano la gestione del potere attraverso il sindaco per &#8220;delega&#8221; di Messina.<\/p>\n\n\n\n<p>Lui non fa che dire rivolgendosi ai consiglieri del centrodestra e del centrosinistra che i partiti li stanno usando. Dice agli altri, in definitiva, ci\u00f2 che lui fa. Sistematicamente. Chiede mille candidati per usarli come &#8220;Scottex&#8221;. Predica bene e razzola male.<\/p>\n\n\n\n<p><strong>Mirko Cantello<\/strong><\/p>\n\n\n\n<p>Ma andiamo ai possibili &#8220;cavalli di ritorno&#8221;. <strong>Mirko Cantello<\/strong>, eletto con &#8220;Prima l&#8217;Italia&#8221; in quota De Luca, \u00e8 andato via sbattendo la porta dalla &#8220;Galassia-De Luca&#8221;. Poi ha chiuso anche con il centrodestra, dopo essere stato espulso, e adesso \u00e8 pronto per tornare con Cateno.<\/p>\n\n\n\n<p><strong>Rosaria Di Ciuccio<\/strong><\/p>\n\n\n\n<p>Le voci di corridoio danno per imminente (bench\u00e9 smentito dalla stessa) un ritorno di <strong>Rosaria Di Ciccio<\/strong>, transitata a Forza Italia (area <strong>De Leo<\/strong>). Pare che ci siano statele interlocuzioni ma non c&#8217;\u00e8 nulla di definito con Cateno De Luca.<\/p>\n\n\n\n<p><strong>Cettina Buonocore<\/strong><\/p>\n\n\n\n<p>Eletta con la lista di De Domenico (centrosinistra), al consiglio comunale, \u00e8 stata la prima a cambiare partito ed abbracciare il gruppo-De Luca. Ma l&#8217;idillio \u00e8 durato poco tant&#8217;\u00e8 che \u00e8 transitata con Forza Italia a marzo 2024, mentre adesso \u00e8 data nuovamente vicina a Sud chiama Nord.<\/p>\n\n\n\n<p><strong>Gaetano Duca<\/strong><\/p>\n\n\n\n<p>Quello di <strong>Gaetano Duca<\/strong> \u00e8 un caso spinoso all&#8217;interno di Forza Italia, tant&#8217;\u00e8 che ci sono delle frizioni perch\u00e9 si tratta del vice-coordinatore cittadino. E&#8217; notoria la sua vicinanza con <strong>De Luca-Basile<\/strong>, tant&#8217;\u00e8 che nelle scorse settimane aveva diramato una nota facendo credere che Forza Italia, o meglio la sua componente, avrebbe sostenuto il sindaco uscente. Fatto sta che avrebbe fornito due candidati alle liste di <strong>De Luca<\/strong>: <strong>Lino Summa<\/strong>, rimasto fuori dal Consiglio comunale nel 2018, candidato in quota centrosinistra; e <strong>Nino Neri<\/strong>, vicino al centrodestra ma oggi in area De Luca. Quest&#8217;ultimo era in servizio alla Messina Social City, mentre oggi \u00e8 transitato in ATM. E&#8217; uno dei tanti candidati neoassunti nelle Partecipate con l&#8217;avvento di De Luca.<\/p>\n\n\n\n<p><\/p>\n","protected":false},"excerpt":{"rendered":"<p>Se n&#8217;erano andati via sbattendo la porta, alcuni hanno usato come &#8220;taxi&#8221; le liste di De Luca per essere eletti, altri, non avendo ricevuto nulla in &#8220;cambio&#8221;, hanno deciso di abbandonare la nave. Sono i cosiddetti &#8220;cavalli di ritorno&#8220;, i politici che vanno dove spira il vento o dove pensano che spiri il vento che [&hellip;]<\/p>\n","protected":false},"author":2,"featured_media":39923,"comment_status":"open","ping_status":"open","sticky":false,"template":"","format":"standard","meta":{"ub_ctt_via":"","_mi_skip_tracking":false},"categories":[6],"tags":[2426,12951,12950,12818,4411],"featured_image_src":"https:\/\/www.messinaoggi.it\/website\/wp-content\/uploads\/2020\/01\/EDAAB985-E750-4E69-AB39-C6EC85411366.jpeg","author_info":{"display_name":"Redazione","author_link":"https:\/\/www.messinaoggi.it\/website\/author\/redazione\/"},"digistream_id":0,"digistream":false,"_links":{"self":[{"href":"https:\/\/www.messinaoggi.it\/website\/wp-json\/wp\/v2\/posts\/262685"}],"collection":[{"href":"https:\/\/www.messinaoggi.it\/website\/wp-json\/wp\/v2\/posts"}],"about":[{"href":"https:\/\/www.messinaoggi.it\/website\/wp-json\/wp\/v2\/types\/post"}],"author":[{"embeddable":true,"href":"https:\/\/www.messinaoggi.it\/website\/wp-json\/wp\/v2\/users\/2"}],"replies":[{"embeddable":true,"href":"https:\/\/www.messinaoggi.it\/website\/wp-json\/wp\/v2\/comments?post=262685"}],"version-history":[{"count":2,"href":"https:\/\/www.messinaoggi.it\/website\/wp-json\/wp\/v2\/posts\/262685\/revisions"}],"predecessor-version":[{"id":262718,"href":"https:\/\/www.messinaoggi.it\/website\/wp-json\/wp\/v2\/posts\/262685\/revisions\/262718"}],"wp:featuredmedia":[{"embeddable":true,"href":"https:\/\/www.messinaoggi.it\/website\/wp-json\/wp\/v2\/media\/39923"}],"wp:attachment":[{"href":"https:\/\/www.messinaoggi.it\/website\/wp-json\/wp\/v2\/media?parent=262685"}],"wp:term":[{"taxonomy":"category","embeddable":true,"href":"https:\/\/www.messinaoggi.it\/website\/wp-json\/wp\/v2\/categories?post=262685"},{"taxonomy":"post_tag","embeddable":true,"href":"https:\/\/www.messinaoggi.it\/website\/wp-json\/wp\/v2\/tags?post=262685"}],"curies":[{"name":"wp","href":"https:\/\/api.w.org\/{rel}","templated":true}]}}