{"id":262681,"date":"2026-03-08T12:08:19","date_gmt":"2026-03-08T11:08:19","guid":{"rendered":"https:\/\/www.messinaoggi.it\/website\/2026\/03\/08\/papa-leone-la-violenza-contro-le-donne-e-barbarie-educare-i-giovani\/"},"modified":"2026-03-08T12:08:19","modified_gmt":"2026-03-08T11:08:19","slug":"papa-leone-la-violenza-contro-le-donne-e-barbarie-educare-i-giovani","status":"publish","type":"post","link":"https:\/\/www.messinaoggi.it\/website\/2026\/03\/08\/papa-leone-la-violenza-contro-le-donne-e-barbarie-educare-i-giovani\/","title":{"rendered":"Papa Leone \u201cLa violenza contro le donne \u00e8 barbarie, educare i giovani\u201d"},"content":{"rendered":"<div>ROMA (ITALPRESS) &#8211; &#8220;Per fermare le violenze contro le donne occorre cominciare con la formazione dei giovani. Bisogna togliere questa violenza e cercare la maniera per formare la mentalit\u00e0, bisogna essere persone di pace&#8221;. Cos\u00ec Papa Leone XIV parlando della violenza contro le donne in risposta ad una lettera scritta da Giovanna da Roma sulla rivista Piazza San Pietro, anticipata oggi dal Corriere della Sera.<br \/>&#8220;Lei pone &#8211; scrive il Pontefice &#8211; un grande problema che per me \u00e8 sempre fonte di grande sofferenza: la violenza nelle relazioni, e in particolare la violenza contro le donne. In un mondo spesso dominato anche da un pensiero violento, bisognerebbe sostenere ancora di pi\u00f9 il genio femminile, come affermava San Giovanni Paolo II, il \u00abgenio delle donne\u00bb, protagoniste e creatrici di una cultura della cura e della fraternit\u00e0 indispensabile per dare futuro e dignit\u00e0 a tutta l&#8217;umanit\u00e0. Forse anche per questo le donne sono colpite e uccise, perch\u00e8 sono un segno di contraddizione in questa societ\u00e0 confusa, incerta e violenta, perch\u00e8 ci indicano valori di fede, libert\u00e0, eguaglianza, generativit\u00e0, speranza, solidariet\u00e0, giustizia. Sono grandi valori, che invece sono combattuti da una pericolosa mentalit\u00e0 che infesta le relazioni producendo solo egoismo, pregiudizi, discriminazioni e volont\u00e0 di dominio. Questo atteggiamento, come ho detto durante l&#8217;omelia della solennit\u00e0 di Pentecoste (8 giugno 2025) durante la Santa Messa del Giubileo dei movimenti, delle associazioni e delle nuove comunit\u00e0, \u00abspesso sfocia nella violenza, come purtroppo dimostrano i numerosi e recenti casi di femminicidio\u00bb. La violenza, qualunque violenza, \u00e8 la frontiera che divide la civilt\u00e0 dalla barbarie. Non bisogna mai sottovalutare un atto di violenza e non abbiamo paura di denunciare la violenza, compreso quel clima giustificazionista oppure che attenua o nega le responsabilit\u00e0. Camminare insieme nel rispetto reciproco della propria umanit\u00e0 non \u00e8 un sogno, ma l&#8217;unica realt\u00e0 possibile per costruire un mondo di luce per tutti. Carissima Giovanna, La ringrazio per le Sue sollecitazioni sulla necessit\u00e0 di un&#8217;alleanza educativa sempre pi\u00f9 forte. La Chiesa con le famiglie, la scuola, le parrocchie, i movimenti e le associazioni, le congregazioni religiose, le istituzioni pubbliche possono insieme condividere l&#8217;urgenza per realizzare progetti specifici per prevenire e fermare le violenze sulle donne&#8221;.<br \/>&#8211; foto Ipa Agency &#8211; <br \/>(ITALPRESS).<\/div>\n<div id=\"div-gpt-ad-Messinaoggi.it-DSK-300x250-corpoart\" style=\"text-align:center;margin:0 auto;\"><\/div><\/p><div id=\"videoincontent\" style=\"clear:both\";><\/div>","protected":false},"excerpt":{"rendered":"<p>ROMA (ITALPRESS) &#8211; &#8220;Per fermare le violenze contro le donne occorre cominciare con la formazione dei giovani. Bisogna togliere questa violenza e cercare la maniera per formare la mentalit\u00e0, bisogna essere persone di pace&#8221;. Cos\u00ec Papa Leone XIV parlando della violenza contro le donne in risposta ad una lettera scritta da Giovanna da Roma sulla [&hellip;]<\/p>\n","protected":false},"author":18,"featured_media":262682,"comment_status":"closed","ping_status":"closed","sticky":false,"template":"","format":"standard","meta":{"ub_ctt_via":"","_mi_skip_tracking":false},"categories":[446],"tags":[783],"featured_image_src":"https:\/\/www.messinaoggi.it\/website\/wp-content\/uploads\/2026\/03\/20260308_0185.jpg","author_info":{"display_name":"Admin","author_link":"https:\/\/www.messinaoggi.it\/website\/author\/admin\/"},"digistream_id":0,"digistream":false,"_links":{"self":[{"href":"https:\/\/www.messinaoggi.it\/website\/wp-json\/wp\/v2\/posts\/262681"}],"collection":[{"href":"https:\/\/www.messinaoggi.it\/website\/wp-json\/wp\/v2\/posts"}],"about":[{"href":"https:\/\/www.messinaoggi.it\/website\/wp-json\/wp\/v2\/types\/post"}],"author":[{"embeddable":true,"href":"https:\/\/www.messinaoggi.it\/website\/wp-json\/wp\/v2\/users\/18"}],"replies":[{"embeddable":true,"href":"https:\/\/www.messinaoggi.it\/website\/wp-json\/wp\/v2\/comments?post=262681"}],"version-history":[{"count":0,"href":"https:\/\/www.messinaoggi.it\/website\/wp-json\/wp\/v2\/posts\/262681\/revisions"}],"wp:featuredmedia":[{"embeddable":true,"href":"https:\/\/www.messinaoggi.it\/website\/wp-json\/wp\/v2\/media\/262682"}],"wp:attachment":[{"href":"https:\/\/www.messinaoggi.it\/website\/wp-json\/wp\/v2\/media?parent=262681"}],"wp:term":[{"taxonomy":"category","embeddable":true,"href":"https:\/\/www.messinaoggi.it\/website\/wp-json\/wp\/v2\/categories?post=262681"},{"taxonomy":"post_tag","embeddable":true,"href":"https:\/\/www.messinaoggi.it\/website\/wp-json\/wp\/v2\/tags?post=262681"}],"curies":[{"name":"wp","href":"https:\/\/api.w.org\/{rel}","templated":true}]}}