{"id":262673,"date":"2026-03-08T10:08:19","date_gmt":"2026-03-08T09:08:19","guid":{"rendered":"https:\/\/www.messinaoggi.it\/website\/2026\/03\/08\/scossa-di-terremoto-di-magnitudo-5-5-in-grecia\/"},"modified":"2026-03-08T10:08:19","modified_gmt":"2026-03-08T09:08:19","slug":"scossa-di-terremoto-di-magnitudo-5-5-in-grecia","status":"publish","type":"post","link":"https:\/\/www.messinaoggi.it\/website\/2026\/03\/08\/scossa-di-terremoto-di-magnitudo-5-5-in-grecia\/","title":{"rendered":"Scossa di terremoto di magnitudo 5.5 in Grecia"},"content":{"rendered":"<div>ROMA (ITALPRESS) &#8211; Una scossa di terremoto di magnitudo 5.5 \u00e8 stata registrata, alle ore 04:32, dall&#8217;Istituto nazionale di Geofisica e Vulcanologia in Grecia. L&#8217;evento \u00e8 stato localizzato a una profondit\u00e0 di 10 chilometri.<br \/>&#8211; foto Ingv &#8211;<br \/>(ITALPRESS).<\/div>\n<div id=\"div-gpt-ad-Messinaoggi.it-DSK-300x250-corpoart\" style=\"text-align:center;margin:0 auto;\"><\/div><\/p><div id=\"videoincontent\" style=\"clear:both\";><\/div>","protected":false},"excerpt":{"rendered":"<p>ROMA (ITALPRESS) &#8211; Una scossa di terremoto di magnitudo 5.5 \u00e8 stata registrata, alle ore 04:32, dall&#8217;Istituto nazionale di Geofisica e Vulcanologia in Grecia. L&#8217;evento \u00e8 stato localizzato a una profondit\u00e0 di 10 chilometri.&#8211; foto Ingv &#8211;(ITALPRESS).<\/p>\n","protected":false},"author":18,"featured_media":262674,"comment_status":"closed","ping_status":"closed","sticky":false,"template":"","format":"standard","meta":{"ub_ctt_via":"","_mi_skip_tracking":false},"categories":[446],"tags":[783],"featured_image_src":"https:\/\/www.messinaoggi.it\/website\/wp-content\/uploads\/2026\/03\/20260308_0126.jpg","author_info":{"display_name":"Admin","author_link":"https:\/\/www.messinaoggi.it\/website\/author\/admin\/"},"digistream_id":0,"digistream":false,"_links":{"self":[{"href":"https:\/\/www.messinaoggi.it\/website\/wp-json\/wp\/v2\/posts\/262673"}],"collection":[{"href":"https:\/\/www.messinaoggi.it\/website\/wp-json\/wp\/v2\/posts"}],"about":[{"href":"https:\/\/www.messinaoggi.it\/website\/wp-json\/wp\/v2\/types\/post"}],"author":[{"embeddable":true,"href":"https:\/\/www.messinaoggi.it\/website\/wp-json\/wp\/v2\/users\/18"}],"replies":[{"embeddable":true,"href":"https:\/\/www.messinaoggi.it\/website\/wp-json\/wp\/v2\/comments?post=262673"}],"version-history":[{"count":0,"href":"https:\/\/www.messinaoggi.it\/website\/wp-json\/wp\/v2\/posts\/262673\/revisions"}],"wp:featuredmedia":[{"embeddable":true,"href":"https:\/\/www.messinaoggi.it\/website\/wp-json\/wp\/v2\/media\/262674"}],"wp:attachment":[{"href":"https:\/\/www.messinaoggi.it\/website\/wp-json\/wp\/v2\/media?parent=262673"}],"wp:term":[{"taxonomy":"category","embeddable":true,"href":"https:\/\/www.messinaoggi.it\/website\/wp-json\/wp\/v2\/categories?post=262673"},{"taxonomy":"post_tag","embeddable":true,"href":"https:\/\/www.messinaoggi.it\/website\/wp-json\/wp\/v2\/tags?post=262673"}],"curies":[{"name":"wp","href":"https:\/\/api.w.org\/{rel}","templated":true}]}}