{"id":262620,"date":"2026-03-07T12:08:16","date_gmt":"2026-03-07T11:08:16","guid":{"rendered":"https:\/\/www.messinaoggi.it\/website\/2026\/03\/07\/chiara-mazzel-argento-prima-medaglia-italia-alle-paralimpiadi-invernali\/"},"modified":"2026-03-07T12:08:16","modified_gmt":"2026-03-07T11:08:16","slug":"chiara-mazzel-argento-prima-medaglia-italia-alle-paralimpiadi-invernali","status":"publish","type":"post","link":"https:\/\/www.messinaoggi.it\/website\/2026\/03\/07\/chiara-mazzel-argento-prima-medaglia-italia-alle-paralimpiadi-invernali\/","title":{"rendered":"Chiara Mazzel argento, prima medaglia Italia alle Paralimpiadi invernali"},"content":{"rendered":"<div>CORTINA (ITALPRESS) &#8211; La prima medaglia italiana alle Paralimpiadi invernali di Milano Cortina 2026 arriva dalla discesa femminile vision impaired: argento per Chiara Mazzel (in coppia con la guida Nicola Cotti Cottini), che ha chiuso a 0&#8243;48 dall&#8217;austriaca Veronika Aigner (1&#8217;22&#8243;55). Terza la slovacca Alexandra Rexova, quinta Martina Vozza, a 7&#8243;99. &#8220;E&#8217; veramente un grande sogno, sono felice di come \u00e8 andata oggi, ho dato tutto, insieme a Nicola siamo andati davvero molto bene &#8211; esulta l&#8217;azzurra &#8211; Sapevo di essere competitiva: questa medaglia ha pi\u00f9 significato rispetto alla Coppa del Mondo, c&#8217;era davvero tanto pubblico a seguirci&#8221;. &#8220;Oggi \u00e8 andata bene, Chiara ha un grande potenziale, poteva fare qualcosa in pi\u00f9, ma questa medaglia la aiuter\u00e0 per il futuro. Deve avere fiducia nella guida&#8221;, ha aggiunto Nicola Cotti Cottini. <br \/>&#8211; foto Mezzelani GMT \/ CIP &#8211;<br \/>(ITALPRESS).<\/div>\n<div id=\"div-gpt-ad-Messinaoggi.it-DSK-300x250-corpoart\" style=\"text-align:center;margin:0 auto;\"><\/div><\/p><div id=\"videoincontent\" style=\"clear:both\";><\/div>","protected":false},"excerpt":{"rendered":"<p>CORTINA (ITALPRESS) &#8211; La prima medaglia italiana alle Paralimpiadi invernali di Milano Cortina 2026 arriva dalla discesa femminile vision impaired: argento per Chiara Mazzel (in coppia con la guida Nicola Cotti Cottini), che ha chiuso a 0&#8243;48 dall&#8217;austriaca Veronika Aigner (1&#8217;22&#8243;55). Terza la slovacca Alexandra Rexova, quinta Martina Vozza, a 7&#8243;99. &#8220;E&#8217; veramente un grande [&hellip;]<\/p>\n","protected":false},"author":18,"featured_media":262621,"comment_status":"closed","ping_status":"closed","sticky":false,"template":"","format":"standard","meta":{"ub_ctt_via":"","_mi_skip_tracking":false},"categories":[446],"tags":[783],"featured_image_src":"https:\/\/www.messinaoggi.it\/website\/wp-content\/uploads\/2026\/03\/20260307_0433.jpg","author_info":{"display_name":"Admin","author_link":"https:\/\/www.messinaoggi.it\/website\/author\/admin\/"},"digistream_id":0,"digistream":false,"_links":{"self":[{"href":"https:\/\/www.messinaoggi.it\/website\/wp-json\/wp\/v2\/posts\/262620"}],"collection":[{"href":"https:\/\/www.messinaoggi.it\/website\/wp-json\/wp\/v2\/posts"}],"about":[{"href":"https:\/\/www.messinaoggi.it\/website\/wp-json\/wp\/v2\/types\/post"}],"author":[{"embeddable":true,"href":"https:\/\/www.messinaoggi.it\/website\/wp-json\/wp\/v2\/users\/18"}],"replies":[{"embeddable":true,"href":"https:\/\/www.messinaoggi.it\/website\/wp-json\/wp\/v2\/comments?post=262620"}],"version-history":[{"count":0,"href":"https:\/\/www.messinaoggi.it\/website\/wp-json\/wp\/v2\/posts\/262620\/revisions"}],"wp:featuredmedia":[{"embeddable":true,"href":"https:\/\/www.messinaoggi.it\/website\/wp-json\/wp\/v2\/media\/262621"}],"wp:attachment":[{"href":"https:\/\/www.messinaoggi.it\/website\/wp-json\/wp\/v2\/media?parent=262620"}],"wp:term":[{"taxonomy":"category","embeddable":true,"href":"https:\/\/www.messinaoggi.it\/website\/wp-json\/wp\/v2\/categories?post=262620"},{"taxonomy":"post_tag","embeddable":true,"href":"https:\/\/www.messinaoggi.it\/website\/wp-json\/wp\/v2\/tags?post=262620"}],"curies":[{"name":"wp","href":"https:\/\/api.w.org\/{rel}","templated":true}]}}