{"id":262611,"date":"2026-03-07T11:33:57","date_gmt":"2026-03-07T10:33:57","guid":{"rendered":"http:\/\/www.messinaoggi.it\/website\/?p=262611"},"modified":"2026-03-07T11:34:02","modified_gmt":"2026-03-07T10:34:02","slug":"picciolo-iacp-su-imu-nessun-motivo-di-gioire-e-una-vittoria-amara","status":"publish","type":"post","link":"https:\/\/www.messinaoggi.it\/website\/2026\/03\/07\/picciolo-iacp-su-imu-nessun-motivo-di-gioire-e-una-vittoria-amara\/","title":{"rendered":"Picciolo (IACP) su IMU: \u201cNessun motivo di gioire, \u00e8 una vittoria amara\u201d"},"content":{"rendered":"\n<p>\u201cNon c\u2019\u00e8 assolutamente nulla di cui gioire nella vicenda dei tributi IMU relativi agli alloggi sociali\u201d. Lo afferma il presidente dello IACP, On. Beppe Picciolo, intervenendo sulla recente decisione che riguarda la tassazione degli immobili destinati all\u2019edilizia popolare.<br>\u201cRicordo ai cittadini \u2013 spiega Picciolo \u2013 che il canone sociale di circa 52 euro al mese verr\u00e0 quasi interamente assorbito dal pagamento dell\u2019IMU per ogni singola unit\u00e0 immobiliare, pari a circa 500 euro l\u2019anno per alloggio\u201d. Una situazione che, secondo il presidente dell\u2019Istituto Autonomo Case Popolari, rischia di avere conseguenze dirette sulla gestione del patrimonio abitativo.<br>\u201cQuesto \u2013 continua \u2013 annulla di fatto per l\u2019Istituto ogni possibilit\u00e0 di garantire la manutenzione ordinaria degli alloggi sociali, che peraltro vengono assegnati dai Comuni\u201d.<br>Picciolo precisa di non voler entrare nel merito giuridico della sentenza, anche perch\u00e9 il dispositivo non \u00e8 stato ancora depositato. Tuttavia sottolinea come, sul piano morale e sociale, si tratti di \u201cuna vittoria amara e mortificante per tutti coloro che dovrebbero mettere al centro della propria azione politica i soggetti pi\u00f9 fragili e meno abbienti\u201d.<br>Il presidente dello IACP auspica quindi l\u2019apertura di un confronto concreto tra le istituzioni coinvolte. \u201c\u00c8 necessario avviare un dialogo serio e costruttivo con le istituzioni nazionali, regionali e comunali per garantire i diritti dei nostri cittadini e, insieme ad essi, le risorse necessarie. Almeno per assicurare il minimo indispensabile di manutenzione quotidiana, richiesta con forza ogni giorno dagli assegnatari\u201d.<br>Il nuovo consiglio di amministrazione dell\u2019IACP, conclude Picciolo, \u201csi batter\u00e0 fino all\u2019ultimo perch\u00e9 la nostra comunit\u00e0 possa avere ci\u00f2 che noi, come istituzione, riteniamo giusto\u201d.<br>\u201cMi sembra quasi di rivivere la leggenda di Robin Hood al contrario \u2013 aggiunge \u2013 dove si prende ai poveri per dare ai ricchi. E se davvero deve essere cos\u00ec, allora viva lo Sceriffo di Nottingham\u201d.<div id=\"div-gpt-ad-Messinaoggi.it-DSK-300x250-corpoart\" style=\"text-align:center;margin:0 auto;\"><\/div><\/p>\n<div id=\"videoincontent\" style=\"clear:both\";><\/div>","protected":false},"excerpt":{"rendered":"<p>\u201cNon c\u2019\u00e8 assolutamente nulla di cui gioire nella vicenda dei tributi IMU relativi agli alloggi sociali\u201d. Lo afferma il presidente dello IACP, On. Beppe Picciolo, intervenendo sulla recente decisione che riguarda la tassazione degli immobili destinati all\u2019edilizia popolare.\u201cRicordo ai cittadini \u2013 spiega Picciolo \u2013 che il canone sociale di circa 52 euro al mese verr\u00e0 [&hellip;]<\/p>\n","protected":false},"author":2,"featured_media":262612,"comment_status":"open","ping_status":"open","sticky":false,"template":"","format":"standard","meta":{"ub_ctt_via":"","_mi_skip_tracking":false},"categories":[6],"tags":[12925,12628,12801],"featured_image_src":"https:\/\/www.messinaoggi.it\/website\/wp-content\/uploads\/2026\/03\/8dbb72db-bf2b-452a-96ee-29542aafa313.jpg","author_info":{"display_name":"Redazione","author_link":"https:\/\/www.messinaoggi.it\/website\/author\/redazione\/"},"digistream_id":0,"digistream":false,"_links":{"self":[{"href":"https:\/\/www.messinaoggi.it\/website\/wp-json\/wp\/v2\/posts\/262611"}],"collection":[{"href":"https:\/\/www.messinaoggi.it\/website\/wp-json\/wp\/v2\/posts"}],"about":[{"href":"https:\/\/www.messinaoggi.it\/website\/wp-json\/wp\/v2\/types\/post"}],"author":[{"embeddable":true,"href":"https:\/\/www.messinaoggi.it\/website\/wp-json\/wp\/v2\/users\/2"}],"replies":[{"embeddable":true,"href":"https:\/\/www.messinaoggi.it\/website\/wp-json\/wp\/v2\/comments?post=262611"}],"version-history":[{"count":1,"href":"https:\/\/www.messinaoggi.it\/website\/wp-json\/wp\/v2\/posts\/262611\/revisions"}],"predecessor-version":[{"id":262613,"href":"https:\/\/www.messinaoggi.it\/website\/wp-json\/wp\/v2\/posts\/262611\/revisions\/262613"}],"wp:featuredmedia":[{"embeddable":true,"href":"https:\/\/www.messinaoggi.it\/website\/wp-json\/wp\/v2\/media\/262612"}],"wp:attachment":[{"href":"https:\/\/www.messinaoggi.it\/website\/wp-json\/wp\/v2\/media?parent=262611"}],"wp:term":[{"taxonomy":"category","embeddable":true,"href":"https:\/\/www.messinaoggi.it\/website\/wp-json\/wp\/v2\/categories?post=262611"},{"taxonomy":"post_tag","embeddable":true,"href":"https:\/\/www.messinaoggi.it\/website\/wp-json\/wp\/v2\/tags?post=262611"}],"curies":[{"name":"wp","href":"https:\/\/api.w.org\/{rel}","templated":true}]}}