{"id":262568,"date":"2026-03-06T16:08:17","date_gmt":"2026-03-06T15:08:17","guid":{"rendered":"https:\/\/www.messinaoggi.it\/website\/2026\/03\/06\/iran-tajani-non-sottovalutiamo-rischio-terrorismo-e-flussi-migratori\/"},"modified":"2026-03-06T16:08:17","modified_gmt":"2026-03-06T15:08:17","slug":"iran-tajani-non-sottovalutiamo-rischio-terrorismo-e-flussi-migratori","status":"publish","type":"post","link":"https:\/\/www.messinaoggi.it\/website\/2026\/03\/06\/iran-tajani-non-sottovalutiamo-rischio-terrorismo-e-flussi-migratori\/","title":{"rendered":"Iran, Tajani \u201cNon sottovalutiamo rischio terrorismo e flussi migratori\u201d"},"content":{"rendered":"<div>ROMA (ITALPRESS) &#8211; &#8220;Non sottovalutiamo il rischio terrorismo: il<br \/>ministro Piantedosi ha innalzato il livello di sicurezza rispetto<br \/>a tanti obiettivi che possono essere a rischio&#8221;. <br \/>Cos\u00ec il vicepremier e ministro degli Esteri, Antonio Tajani, a Sky Tg24. &#8220;Lo stesso vale per l&#8217;immigrazione: la guerra pu\u00f2 provocare fughe dai Paesi. Speriamo che finisca il prima possibile e non ci siano movimenti migratori importanti&#8221;, ha aggiunto. &#8220;Credo che sar\u00e0 una guerra che durer\u00e0 settimane, 6-7 settimane almeno, anche Trump lo ha detto e anche le forze armate iraniane hanno armamenti per resistere ancora per qualche giorno. L&#8217;attacco da parte dell&#8217;Iran non finir\u00e0 cos\u00ec presto, quindi saranno ancora giornate difficili, durante le quali noi cercheremo &#8211; perch\u00e8 questa \u00e8 la priorit\u00e0 &#8211; di aiutare i nostri<br \/>concittadini a uscire dalle aree pi\u00f9 a rischio&#8221;, ha aggiunto.<br \/>Tajani ha quindi ribadito che, su una possibile richiesta di utilizzo della basi italiane, &#8220;essuno ci ha chiesto niente, neanche per l&#8217;uso logistico. Non abbiamo avuto richieste neanche per l&#8217;uso delle piste. Per quanto riguarda qualsiasi altro tipo di uso, \u00e8 ovvio che deve esserci un passaggio parlamentare. Noi lo faremo&#8221;. Infine il ministro ha sottolineato come &#8220;la nostra prima preoccupazione \u00e8 tutelare i cittadini italiani. Siamo l&#8217;unico paese che in ogni aeroporto ha un desk per assistere i nostri concittadini. Stiamo facendo uno sforzo organizzativo massimo, abbiamo chiesto nuovamente al ministro Crosetto la possibilit\u00e0 di avere degli aerei militari charter che possano accompagnare i cittadini italiani che vogliono partire: ce ne saranno tre, credo domani e dopodomani, e che accompagneranno gli italiani dagli Emirati Arabi verso l&#8217;Italia&#8221;, ha concluso.<br \/>(ITALPRESS).<br \/>-Foto: Ipa Agency-<\/div>\n<div id=\"div-gpt-ad-Messinaoggi.it-DSK-300x250-corpoart\" style=\"text-align:center;margin:0 auto;\"><\/div><\/p><div id=\"videoincontent\" style=\"clear:both\";><\/div>","protected":false},"excerpt":{"rendered":"<p>ROMA (ITALPRESS) &#8211; &#8220;Non sottovalutiamo il rischio terrorismo: ilministro Piantedosi ha innalzato il livello di sicurezza rispettoa tanti obiettivi che possono essere a rischio&#8221;. Cos\u00ec il vicepremier e ministro degli Esteri, Antonio Tajani, a Sky Tg24. &#8220;Lo stesso vale per l&#8217;immigrazione: la guerra pu\u00f2 provocare fughe dai Paesi. Speriamo che finisca il prima possibile e [&hellip;]<\/p>\n","protected":false},"author":18,"featured_media":262569,"comment_status":"closed","ping_status":"closed","sticky":false,"template":"","format":"standard","meta":{"ub_ctt_via":"","_mi_skip_tracking":false},"categories":[446],"tags":[783],"featured_image_src":"https:\/\/www.messinaoggi.it\/website\/wp-content\/uploads\/2026\/03\/20260306_0796.jpg","author_info":{"display_name":"Admin","author_link":"https:\/\/www.messinaoggi.it\/website\/author\/admin\/"},"digistream_id":0,"digistream":false,"_links":{"self":[{"href":"https:\/\/www.messinaoggi.it\/website\/wp-json\/wp\/v2\/posts\/262568"}],"collection":[{"href":"https:\/\/www.messinaoggi.it\/website\/wp-json\/wp\/v2\/posts"}],"about":[{"href":"https:\/\/www.messinaoggi.it\/website\/wp-json\/wp\/v2\/types\/post"}],"author":[{"embeddable":true,"href":"https:\/\/www.messinaoggi.it\/website\/wp-json\/wp\/v2\/users\/18"}],"replies":[{"embeddable":true,"href":"https:\/\/www.messinaoggi.it\/website\/wp-json\/wp\/v2\/comments?post=262568"}],"version-history":[{"count":0,"href":"https:\/\/www.messinaoggi.it\/website\/wp-json\/wp\/v2\/posts\/262568\/revisions"}],"wp:featuredmedia":[{"embeddable":true,"href":"https:\/\/www.messinaoggi.it\/website\/wp-json\/wp\/v2\/media\/262569"}],"wp:attachment":[{"href":"https:\/\/www.messinaoggi.it\/website\/wp-json\/wp\/v2\/media?parent=262568"}],"wp:term":[{"taxonomy":"category","embeddable":true,"href":"https:\/\/www.messinaoggi.it\/website\/wp-json\/wp\/v2\/categories?post=262568"},{"taxonomy":"post_tag","embeddable":true,"href":"https:\/\/www.messinaoggi.it\/website\/wp-json\/wp\/v2\/tags?post=262568"}],"curies":[{"name":"wp","href":"https:\/\/api.w.org\/{rel}","templated":true}]}}