{"id":262517,"date":"2026-03-06T09:32:58","date_gmt":"2026-03-06T08:32:58","guid":{"rendered":"http:\/\/www.messinaoggi.it\/website\/?p=262517"},"modified":"2026-03-06T09:47:46","modified_gmt":"2026-03-06T08:47:46","slug":"lavvocato-ciccio-ficarra-nel-ricordo-della-figlia-sofiar","status":"publish","type":"post","link":"https:\/\/www.messinaoggi.it\/website\/2026\/03\/06\/lavvocato-ciccio-ficarra-nel-ricordo-della-figlia-sofiar\/","title":{"rendered":"L&#8217;avvocato &#8220;Ciccio&#8221; Ficarra nel ricordo della figlia Maria Sofia"},"content":{"rendered":"\n<p>Riceviamo e pubblichiamo ben volentieri un commosso ricordo dell\u2019avvocato Francesco &#8220;Ciccio&#8221; Ficarra, della figlia Maria Sofia, gi\u00e0 valente dirigente della Polizia di Stato.<div id=\"div-gpt-ad-Messinaoggi.it-DSK-300x250-corpoart\" style=\"text-align:center;margin:0 auto;\"><\/div><\/p>\n\n\n\n<p>&#8220;\u00c8 emotivamente difficile, per me, rievocare la figura personale e professionale del mio amatissimo pap\u00e0, con il quale ho avuto un rapporto simbiotico. Ma ci provo ugualmente, perch\u00e9 ritengo doveroso onorarne la memoria.<div id=\"videoincontent\" style=\"clear:both\";><\/div><\/p>\n\n\n\n<p>L\u2019avvocato Francesco Ficarra, \u201cCiccio\u201d per tutti, nacque a Rometta Marea il 6 settembre 1917. Fin dall\u2019infanzia, vivace e arguto, dimostr\u00f2 nel suo percorso scolastico una particolare e non comune attitudine agli studi, conseguendo alla maturit\u00e0 elementare e media la valutazione di 10, in tutte le materie.<\/p>\n\n\n\n<p>Dovendo scegliere per la continuazione degli studi, opt\u00f2 per il liceo classico La Farina, perch\u00e9 fortemente attratto dalla filosofia e dalla storia, dal latino e dal greco, lingue nello studiare le quali raggiunse \u2013 e conserv\u00f2 per tutta la vita \u2013 la capacit\u00e0 di tradurre le versioni ricorrendo raramente all\u2019uso del vocabolario.<\/p>\n\n\n\n<p>Mio padre, gi\u00e0 da ragazzo, dimostr\u00f2 dedizione e profondit\u00e0 tali nello studio da rispettar nel modo pi\u00f9 fedele l\u2019antico e vero significato della parola, di \u201czelo, diligenza, applicazione, cura, passione, impegno, amore, ardore, desiderio\u201d.<\/p>\n\n\n\n<p>Era uno di quei grandi uomini del passato dai quali si poteva apprendere, se non il suo sapere quasi sconfinato, l\u2019importanza e la ricchezza di uno spirito erudito.<\/p>\n\n\n\n<p>Leggeva i libri, arso di sapere tutto, fino in fondo \u201ce oltre\u201d, come amava dire.<\/p>\n\n\n\n<p>Conserviamo la sua biblioteca come ultimo dono morale e spirituale. Dire materiale ne rispetterebbe la consistenza corporea, ma sarebbe davvero troppo poco, per vastit\u00e0 e variet\u00e0 dei contenuti.<\/p>\n\n\n\n<p>Ricordo ancora di quando leggeva, ogni estate, gli Annali di Tacito e di come, ogni volta, dicesse di trovarci qualcosa di particolarmente interessante.<\/p>\n\n\n\n<p>Sottolineo, per dovere affettivo, che per pap\u00e0, da ragazzo, studiare era molto oneroso, dovendosi alzare ogni mattina alle quattro per prendere il treno che lo portava a Messina, dopo quattro ore di viaggio.<\/p>\n\n\n\n<p>Al ritorno si rimetteva a studiare \u201csfinito, ma contento\u201d, raccontava la sua mamma.<\/p>\n\n\n\n<p>Terminati gli studi liceali, voleva iscriversi in Storia, ma il padre non fu d\u2019accordo e opt\u00f2 per gli studi giuridici. Non trad\u00ec la sua indole ed eccelse anche in questi.<\/p>\n\n\n\n<p>Indimenticabile il suo esame con il Professore Pugliatti. Sedutosi, il Pugliatti gli chiese dove avesse studiato e lui rispose \u201cA Villafranca Tirrena, ove risiedo\u201d.<\/p>\n\n\n\n<p>Alla fine, Pugliatti, con espressione stupita e seria, gli mise 30, anche per il coraggio dimostrato e la perfetta padronanza della lingua italiana.<\/p>\n\n\n\n<p>Laureatosi con il massimo dei voti, inizi\u00f2 a frequentare lo studio dell\u2019avvocato Gugliotta, chiamato da tutti i praticanti \u201cMaestro\u201d e al quale nessuno osava far portare la borsa.<\/p>\n\n\n\n<p>Pap\u00e0 mi raccont\u00f2 che un giorno, in Corte d\u2019Assise, il Gugliotta gli chiese all\u2019ultimo minuto di sostenere l\u2019arringa. Pap\u00e0 trem\u00f2 per l\u2019emozione e accenn\u00f2 a un tenue rifiuto. Gugliotta, inflessibile, gli rispose \u201c\u00e8 giunta l\u2019ora di dimostrare\u2026di dimostrare un eccellente avvocato\u201d.<\/p>\n\n\n\n<p>L\u2019arringa dur\u00f2 due ore e alla fine Gugliotta lo abbracci\u00f2 in aula, riconoscendone il successo.<\/p>\n\n\n\n<p>Nel prosieguo, la carriera di mio padre, in linea con il suo cammino in questo mondo, \u00e8 stata sempre caratterizzata da profondissimo impegno per la causa, profondissimo rispetto verso clienti, colleghi, magistrati.<\/p>\n\n\n\n<p>Rammento, infine, che sullo schermo del cinema all\u2019aperto di Villafranca Tirrena, oggi chiuso, si vede ancora da fuori la frase di pap\u00e0, su richiesta del proprietario del cinema, \u201cL\u2019arte ricrea l\u2019anima e affina lo spirito\u201d.<\/p>\n\n\n\n<p>Con affetto e stima.<\/p>\n\n\n\n<p>P.S. pap\u00e0 fu pi\u00f9 volte componente del Consiglio e della commissione d\u2019esami per procuratore legale&#8221;.<\/p>\n\n\n\n<p><strong>Maria<\/strong> <strong>Sofia Ficarra<\/strong><\/p>\n","protected":false},"excerpt":{"rendered":"<p>Riceviamo e pubblichiamo ben volentieri un commosso ricordo dell\u2019avvocato Francesco &#8220;Ciccio&#8221; Ficarra, della figlia Maria Sofia, gi\u00e0 valente dirigente della Polizia di Stato. &#8220;\u00c8 emotivamente difficile, per me, rievocare la figura personale e professionale del mio amatissimo pap\u00e0, con il quale ho avuto un rapporto simbiotico. Ma ci provo ugualmente, perch\u00e9 ritengo doveroso onorarne la [&hellip;]<\/p>\n","protected":false},"author":2,"featured_media":262518,"comment_status":"open","ping_status":"open","sticky":false,"template":"","format":"standard","meta":{"ub_ctt_via":"","_mi_skip_tracking":false},"categories":[5],"tags":[12935,7064,12936],"featured_image_src":"https:\/\/www.messinaoggi.it\/website\/wp-content\/uploads\/2026\/03\/406e86ed-bfc9-480c-9be9-0046248922b2-e1772785771410.jpg","author_info":{"display_name":"Redazione","author_link":"https:\/\/www.messinaoggi.it\/website\/author\/redazione\/"},"digistream_id":0,"digistream":false,"_links":{"self":[{"href":"https:\/\/www.messinaoggi.it\/website\/wp-json\/wp\/v2\/posts\/262517"}],"collection":[{"href":"https:\/\/www.messinaoggi.it\/website\/wp-json\/wp\/v2\/posts"}],"about":[{"href":"https:\/\/www.messinaoggi.it\/website\/wp-json\/wp\/v2\/types\/post"}],"author":[{"embeddable":true,"href":"https:\/\/www.messinaoggi.it\/website\/wp-json\/wp\/v2\/users\/2"}],"replies":[{"embeddable":true,"href":"https:\/\/www.messinaoggi.it\/website\/wp-json\/wp\/v2\/comments?post=262517"}],"version-history":[{"count":2,"href":"https:\/\/www.messinaoggi.it\/website\/wp-json\/wp\/v2\/posts\/262517\/revisions"}],"predecessor-version":[{"id":262524,"href":"https:\/\/www.messinaoggi.it\/website\/wp-json\/wp\/v2\/posts\/262517\/revisions\/262524"}],"wp:featuredmedia":[{"embeddable":true,"href":"https:\/\/www.messinaoggi.it\/website\/wp-json\/wp\/v2\/media\/262518"}],"wp:attachment":[{"href":"https:\/\/www.messinaoggi.it\/website\/wp-json\/wp\/v2\/media?parent=262517"}],"wp:term":[{"taxonomy":"category","embeddable":true,"href":"https:\/\/www.messinaoggi.it\/website\/wp-json\/wp\/v2\/categories?post=262517"},{"taxonomy":"post_tag","embeddable":true,"href":"https:\/\/www.messinaoggi.it\/website\/wp-json\/wp\/v2\/tags?post=262517"}],"curies":[{"name":"wp","href":"https:\/\/api.w.org\/{rel}","templated":true}]}}