{"id":262510,"date":"2026-03-06T09:15:41","date_gmt":"2026-03-06T08:15:41","guid":{"rendered":"http:\/\/www.messinaoggi.it\/website\/?p=262510"},"modified":"2026-03-06T09:15:43","modified_gmt":"2026-03-06T08:15:43","slug":"anche-per-basile-posteggiare-e-diventato-un-problema","status":"publish","type":"post","link":"https:\/\/www.messinaoggi.it\/website\/2026\/03\/06\/anche-per-basile-posteggiare-e-diventato-un-problema\/","title":{"rendered":"Anche per Basile posteggiare  \u00e8 diventato un problema"},"content":{"rendered":"\n<p>Immaginiamo la scena. L\u2019ex sindaco a bordo della sua Smart alla ricerca di un parcheggio, nei pressi degli studi televisivi di un\u2019emittente locale per registrare una trasmissione. <strong>Federico Basile <\/strong>rischiando di arrivare in ritardo decide di posteggiare la sua vettura in maniera \u201c<em>creativa<\/em>\u201d occupando solo mezzo posto sulle strisce blu, peraltro occupato da un\u2019altra vettura che avr\u00e0 certamente pagato.<div id=\"div-gpt-ad-Messinaoggi.it-DSK-300x250-corpoart\" style=\"text-align:center;margin:0 auto;\"><\/div><\/p>\n\n\n\n<p><strong>Federico Basile<\/strong> avr\u00e0 certamente sperimentato com\u2019\u00e8 complicato posteggiare in centro citt\u00e0, dove grazie ad un politica discutibile, sono stati eleminati migliaia di stalli per fare posto agli alberelli di \u201c<em>ForestaMe<\/em>\u201d. Alberelli che avrebbero, probabilmente, essere collocati sui marciapiede, senza ridurre la dotazione di posti auto.<div id=\"videoincontent\" style=\"clear:both\";><\/div><\/p>\n\n\n\n<p><strong>Basile<\/strong> per quattro anni non ha avuto di questi problemi, perch\u00e9 ha girato in lungo e largo la citt\u00e0 a bordo dell\u2019auto di servizio. Ma ieri si \u00e8 scontrato con i problemi dei comuni cittadini.<\/p>\n\n\n\n<p>Eppure, a poche centinaia di metri da via Primo Settembre c\u2019\u00e8 il parcheggio <strong>Cavallotti<\/strong>, dove ripetutamente lo stesso ex sindaco ha invitato i cittadini a posteggiare. Ci sono poi i numerosi posteggi di interscambio, dove avrebbe potuto parcheggiare e poi prendere il bus (quante volte lo ha detto), ma non l\u2019ha fatto. Ha preferito posteggiare \u201cmale\u201d.<\/p>\n\n\n\n<p>Certo, avr\u00e0 pensato che al Cavallotti non era il caso di andare perch\u00e9 da anni non funzionano glia ascensori, mentre i parcheggi di interscambio non sono poi cos\u00ec ben collegati con i mezzi pubblici. Peraltro il tram \u00e8 fermo da quasi un anno e quindi la soluzione \u201ccreativa\u201d \u00e8 stata quella che vediamo in foto.<\/p>\n\n\n\n<p>Per buona pace sua e dei messinesi.<\/p>\n","protected":false},"excerpt":{"rendered":"<p>Immaginiamo la scena. L\u2019ex sindaco a bordo della sua Smart alla ricerca di un parcheggio, nei pressi degli studi televisivi di un\u2019emittente locale per registrare una trasmissione. Federico Basile rischiando di arrivare in ritardo decide di posteggiare la sua vettura in maniera \u201ccreativa\u201d occupando solo mezzo posto sulle strisce blu, peraltro occupato da un\u2019altra vettura [&hellip;]<\/p>\n","protected":false},"author":2,"featured_media":262511,"comment_status":"open","ping_status":"open","sticky":false,"template":"","format":"standard","meta":{"ub_ctt_via":"","_mi_skip_tracking":false},"categories":[19],"tags":[3463,2972,12932,12931],"featured_image_src":"https:\/\/www.messinaoggi.it\/website\/wp-content\/uploads\/2026\/03\/aab08d63-a836-4f1f-918c-af153fe641ef.jpg","author_info":{"display_name":"Redazione","author_link":"https:\/\/www.messinaoggi.it\/website\/author\/redazione\/"},"digistream_id":0,"digistream":false,"_links":{"self":[{"href":"https:\/\/www.messinaoggi.it\/website\/wp-json\/wp\/v2\/posts\/262510"}],"collection":[{"href":"https:\/\/www.messinaoggi.it\/website\/wp-json\/wp\/v2\/posts"}],"about":[{"href":"https:\/\/www.messinaoggi.it\/website\/wp-json\/wp\/v2\/types\/post"}],"author":[{"embeddable":true,"href":"https:\/\/www.messinaoggi.it\/website\/wp-json\/wp\/v2\/users\/2"}],"replies":[{"embeddable":true,"href":"https:\/\/www.messinaoggi.it\/website\/wp-json\/wp\/v2\/comments?post=262510"}],"version-history":[{"count":1,"href":"https:\/\/www.messinaoggi.it\/website\/wp-json\/wp\/v2\/posts\/262510\/revisions"}],"predecessor-version":[{"id":262512,"href":"https:\/\/www.messinaoggi.it\/website\/wp-json\/wp\/v2\/posts\/262510\/revisions\/262512"}],"wp:featuredmedia":[{"embeddable":true,"href":"https:\/\/www.messinaoggi.it\/website\/wp-json\/wp\/v2\/media\/262511"}],"wp:attachment":[{"href":"https:\/\/www.messinaoggi.it\/website\/wp-json\/wp\/v2\/media?parent=262510"}],"wp:term":[{"taxonomy":"category","embeddable":true,"href":"https:\/\/www.messinaoggi.it\/website\/wp-json\/wp\/v2\/categories?post=262510"},{"taxonomy":"post_tag","embeddable":true,"href":"https:\/\/www.messinaoggi.it\/website\/wp-json\/wp\/v2\/tags?post=262510"}],"curies":[{"name":"wp","href":"https:\/\/api.w.org\/{rel}","templated":true}]}}