{"id":262472,"date":"2026-03-05T11:23:54","date_gmt":"2026-03-05T10:23:54","guid":{"rendered":"http:\/\/www.messinaoggi.it\/website\/?p=262472"},"modified":"2026-03-05T11:23:59","modified_gmt":"2026-03-05T10:23:59","slug":"scurria-la-terrazza-sospesa-ricorda-il-tram-volante","status":"publish","type":"post","link":"https:\/\/www.messinaoggi.it\/website\/2026\/03\/05\/scurria-la-terrazza-sospesa-ricorda-il-tram-volante\/","title":{"rendered":"Scurria: &#8220;La terrazza sospesa ricorda il tram volante&#8221;"},"content":{"rendered":"\n<p>\u201cDopo nove anni di amministrazione Deluca\/Basile siamo ancora alla fase dei rendering, imprecisi e farlocchi, che disegnano una citt\u00e0 lontana dalla realt\u00e0, e come un deja vu la Terrazza Sospesa ci riporta la memoria al mitologico Tram volante\u201d. Lo dichiara Marcello Scurria con riferimento all\u2019idea progettuale che riguarda la zona portuale di Messina.<br>\u201cMentre nelle ricostruzioni al computer dell\u2019amministrazione scompaiono interi palazzi per rendere pi\u00f9 suggestivo il progetto \u2013 sottolinea il candidato sindaco di centrodestra &#8211; di reale ci sono i fondi perduti per l\u2019I-Hub. Ben 71 milioni di euro su cui \u00e8 stato fatto calare un silenzio tombale. Ma \u00e8 comunque evidente il fallimento amministrativo .<br>Sulla terrazza sospesa che dire ? Non ci servono ecomostri su cui passeggiare ma opere utili che rilancino il water front da nord a sud della citt\u00e0 e rendano produttivo e attrattivo il nostro mare . Messina citt\u00e0 del mare, tutto l\u2019anno. Questa l\u2019identit\u00e0 che manca al nostro territorio . Ne abbiamo le condizioni naturali alle quali dobbiamo affiancare progettualit\u00e0 e visione per uno sviluppo economico turistico e commerciale .<br>Ai messinesi non bastano le realt\u00e0 virtuali frutto dell\u2019intelligenza artificiale diffuse come saldi di fine mandato \u2013 conclude Scurria &#8211; a questa citt\u00e0 serve un\u2019amministrazione vera\u201d.<div id=\"div-gpt-ad-Messinaoggi.it-DSK-300x250-corpoart\" style=\"text-align:center;margin:0 auto;\"><\/div><\/p>\n<div id=\"videoincontent\" style=\"clear:both\";><\/div>","protected":false},"excerpt":{"rendered":"<p>\u201cDopo nove anni di amministrazione Deluca\/Basile siamo ancora alla fase dei rendering, imprecisi e farlocchi, che disegnano una citt\u00e0 lontana dalla realt\u00e0, e come un deja vu la Terrazza Sospesa ci riporta la memoria al mitologico Tram volante\u201d. Lo dichiara Marcello Scurria con riferimento all\u2019idea progettuale che riguarda la zona portuale di Messina.\u201cMentre nelle ricostruzioni [&hellip;]<\/p>\n","protected":false},"author":2,"featured_media":262199,"comment_status":"open","ping_status":"open","sticky":false,"template":"","format":"standard","meta":{"ub_ctt_via":"","_mi_skip_tracking":false},"categories":[6],"tags":[12818,2972,3375],"featured_image_src":"https:\/\/www.messinaoggi.it\/website\/wp-content\/uploads\/2026\/02\/WhatsApp-Image-2026-02-28-at-12.27.29.jpeg","author_info":{"display_name":"Redazione","author_link":"https:\/\/www.messinaoggi.it\/website\/author\/redazione\/"},"digistream_id":0,"digistream":false,"_links":{"self":[{"href":"https:\/\/www.messinaoggi.it\/website\/wp-json\/wp\/v2\/posts\/262472"}],"collection":[{"href":"https:\/\/www.messinaoggi.it\/website\/wp-json\/wp\/v2\/posts"}],"about":[{"href":"https:\/\/www.messinaoggi.it\/website\/wp-json\/wp\/v2\/types\/post"}],"author":[{"embeddable":true,"href":"https:\/\/www.messinaoggi.it\/website\/wp-json\/wp\/v2\/users\/2"}],"replies":[{"embeddable":true,"href":"https:\/\/www.messinaoggi.it\/website\/wp-json\/wp\/v2\/comments?post=262472"}],"version-history":[{"count":1,"href":"https:\/\/www.messinaoggi.it\/website\/wp-json\/wp\/v2\/posts\/262472\/revisions"}],"predecessor-version":[{"id":262473,"href":"https:\/\/www.messinaoggi.it\/website\/wp-json\/wp\/v2\/posts\/262472\/revisions\/262473"}],"wp:featuredmedia":[{"embeddable":true,"href":"https:\/\/www.messinaoggi.it\/website\/wp-json\/wp\/v2\/media\/262199"}],"wp:attachment":[{"href":"https:\/\/www.messinaoggi.it\/website\/wp-json\/wp\/v2\/media?parent=262472"}],"wp:term":[{"taxonomy":"category","embeddable":true,"href":"https:\/\/www.messinaoggi.it\/website\/wp-json\/wp\/v2\/categories?post=262472"},{"taxonomy":"post_tag","embeddable":true,"href":"https:\/\/www.messinaoggi.it\/website\/wp-json\/wp\/v2\/tags?post=262472"}],"curies":[{"name":"wp","href":"https:\/\/api.w.org\/{rel}","templated":true}]}}