{"id":262467,"date":"2026-03-05T10:08:20","date_gmt":"2026-03-05T09:08:20","guid":{"rendered":"https:\/\/www.messinaoggi.it\/website\/2026\/03\/05\/iran-meloni-non-siamo-in-guerra-nessuna-richiesta-su-uso-basi\/"},"modified":"2026-03-05T10:08:20","modified_gmt":"2026-03-05T09:08:20","slug":"iran-meloni-non-siamo-in-guerra-nessuna-richiesta-su-uso-basi","status":"publish","type":"post","link":"https:\/\/www.messinaoggi.it\/website\/2026\/03\/05\/iran-meloni-non-siamo-in-guerra-nessuna-richiesta-su-uso-basi\/","title":{"rendered":"Iran, Meloni \u201cNon siamo in guerra, nessuna richiesta su uso basi\u201d"},"content":{"rendered":"<div>ROMA (ITALPRESS) &#8211; &#8220;Non siamo in guerra e non vogliamo entrare in guerra&#8221;. Cos\u00ec la presidente del Consiglio, Giorgia Meloni, a &#8220;Non stop news&#8221; su Rtl 102.5. &#8220;In Italia abbiamo delle basi militari concesse all&#8217;utilizzo americano, in virt\u00f9 di accordi che risalgono al 1954&#8221; secondo cui &#8220;ci sono delle autorizzazioni tecniche quando si parla chiaramente di logistica e di cosiddette operazioni non cinetiche&#8221;. Cos\u00ec la presidente del Consiglio, Giorgia Meloni, a &#8220;Non stop news&#8221; su Rtl 102.5. &#8220;Se arrivassero richieste di uso delle basi italiane per fare altro, penso che in quel caso dovremmo deciderlo insieme al Parlamento. A oggi per\u00f2 non abbiamo nessuna richiesta in questo senso&#8221;. &#8220;Sono ovviamente preoccupata per le possibili ripercussioni sull&#8217;Italia: stiamo lavorando su tutti questi fronti, intanto siamo in continuo contatto con i principali alleati, con i leader del Medio Oriente&#8221; ha proseguito la premier. &#8220;Siamo impegnati soprattutto su tre fronti, lavoriamo sul piano diplomatico anche attraverso questi contatti per capire se ci siano i margini per una ripresa del negoziato per il nucleare iraniano. Obiettivo che per\u00f2, dal mio punto di vista, \u00e8 impossibile se l&#8217;Iran non smette di attaccare i Paesi vicini e i paesi del Golfo&#8221;. &#8220;Abbiamo la priorit\u00e0 di mettere in sicurezza le decine di migliaia di italiani che sono nell&#8217;area &#8211; militari, diplomatici, cittadini che erano in transito &#8211; e dare assistenza a chi \u00e8 rimasto bloccato. Abbiamo gi\u00e0 organizzato i primi voli per far rientrare i primi convogli, anche per far rientrare chi \u00e8 rimasto bloccato, particolarmente a Dubai. Alcuni convogli si stanno spostando nelle nazioni limitrofe, cerchiamo di farli partire da aeroporti sicuri, e dobbiamo anche ringraziare Emirati Arabi Uniti, Oman, che sono paesi amici e ci stanno dando una mano&#8221; ha detto ancora Giorgia Meloni. &#8220;Poi abbiamo chiaramente il tema delle conseguenze soprattutto economiche per l&#8217;Italia: dobbiamo impedire che la speculazione faccia implodere anche ingiustamente i prezzi dell&#8217;energia e dei generi alimentari&#8221;.<div id=\"div-gpt-ad-Messinaoggi.it-DSK-300x250-corpoart\" style=\"text-align:center;margin:0 auto;\"><\/div><\/p>\n<p>foto: IPA Agency<div id=\"videoincontent\" style=\"clear:both\";><\/div><\/p>\n<p>(ITALPRESS).<\/p><\/div>\n","protected":false},"excerpt":{"rendered":"<p>ROMA (ITALPRESS) &#8211; &#8220;Non siamo in guerra e non vogliamo entrare in guerra&#8221;. Cos\u00ec la presidente del Consiglio, Giorgia Meloni, a &#8220;Non stop news&#8221; su Rtl 102.5. &#8220;In Italia abbiamo delle basi militari concesse all&#8217;utilizzo americano, in virt\u00f9 di accordi che risalgono al 1954&#8221; secondo cui &#8220;ci sono delle autorizzazioni tecniche quando si parla chiaramente [&hellip;]<\/p>\n","protected":false},"author":18,"featured_media":262468,"comment_status":"closed","ping_status":"closed","sticky":false,"template":"","format":"standard","meta":{"ub_ctt_via":"","_mi_skip_tracking":false},"categories":[446],"tags":[783],"featured_image_src":"https:\/\/www.messinaoggi.it\/website\/wp-content\/uploads\/2026\/03\/20260305_0131.jpg","author_info":{"display_name":"Admin","author_link":"https:\/\/www.messinaoggi.it\/website\/author\/admin\/"},"digistream_id":0,"digistream":false,"_links":{"self":[{"href":"https:\/\/www.messinaoggi.it\/website\/wp-json\/wp\/v2\/posts\/262467"}],"collection":[{"href":"https:\/\/www.messinaoggi.it\/website\/wp-json\/wp\/v2\/posts"}],"about":[{"href":"https:\/\/www.messinaoggi.it\/website\/wp-json\/wp\/v2\/types\/post"}],"author":[{"embeddable":true,"href":"https:\/\/www.messinaoggi.it\/website\/wp-json\/wp\/v2\/users\/18"}],"replies":[{"embeddable":true,"href":"https:\/\/www.messinaoggi.it\/website\/wp-json\/wp\/v2\/comments?post=262467"}],"version-history":[{"count":0,"href":"https:\/\/www.messinaoggi.it\/website\/wp-json\/wp\/v2\/posts\/262467\/revisions"}],"wp:featuredmedia":[{"embeddable":true,"href":"https:\/\/www.messinaoggi.it\/website\/wp-json\/wp\/v2\/media\/262468"}],"wp:attachment":[{"href":"https:\/\/www.messinaoggi.it\/website\/wp-json\/wp\/v2\/media?parent=262467"}],"wp:term":[{"taxonomy":"category","embeddable":true,"href":"https:\/\/www.messinaoggi.it\/website\/wp-json\/wp\/v2\/categories?post=262467"},{"taxonomy":"post_tag","embeddable":true,"href":"https:\/\/www.messinaoggi.it\/website\/wp-json\/wp\/v2\/tags?post=262467"}],"curies":[{"name":"wp","href":"https:\/\/api.w.org\/{rel}","templated":true}]}}