{"id":262442,"date":"2026-03-04T18:32:19","date_gmt":"2026-03-04T17:32:19","guid":{"rendered":"http:\/\/www.messinaoggi.it\/website\/?p=262442"},"modified":"2026-03-04T19:52:12","modified_gmt":"2026-03-04T18:52:12","slug":"cantello-sceneggiata-di-un-copione-scritto-con-de-luca","status":"publish","type":"post","link":"https:\/\/www.messinaoggi.it\/website\/2026\/03\/04\/cantello-sceneggiata-di-un-copione-scritto-con-de-luca\/","title":{"rendered":"Cantello, sceneggiata di un copione scritto con De Luca"},"content":{"rendered":"\n<p>Andiamo a ritroso nel tempo per ricostruire i contorni di quella che possiamo definire una sceneggiata &#8211; senza tema di smentita &#8211; di Mirko Cantello. Ad ottobre scorso si consuma lo strappo con la Lega tant&#8217;\u00e8 che il consigliere comunale, Mirko Cantello, annuncia la sua migrazione al gruppo misto. Alla base screzi con il leader siciliano della Lega, Nino German\u00e0. <div id=\"div-gpt-ad-Messinaoggi.it-DSK-300x250-corpoart\" style=\"text-align:center;margin:0 auto;\"><\/div><\/p>\n\n\n\n<p>Cantello nel 2022 era vicino a De Luca ed \u00e8 stato candidato con la Lega per avere un seggio certo a Palazzo Zanca. Erano i tempi delle serenate, dello strappo all&#8217;interno del centrodestra che condusse all&#8217;accordo della Lega con il gruppo-De Luca.<div id=\"videoincontent\" style=\"clear:both\";><\/div><\/p>\n\n\n\n<p>All&#8217;indomani dell&#8217;elezione Mirko Cantello ha iniziato a rivendicare un posto di sottogoverno per il fratello, ma non \u00e8 mai arrivata la poltrona per ragioni di incompatibilit\u00e0 essendo un appartente alle forze dell&#8217;ordine. Il malumore era palpabile, al punto che Cantello ha rotto con De Luca, non prima di avere ottenuto l&#8217;elezione a vice presidente del Consiglio comunale. Nel frattempo German\u00e0 ha trovato per Ivano Cantello un posto nelle giunta di Giardini Naxos, nominandolo assessore al Bilancio. Incarico ricoperto fino allo scorso dicembre, dopo che \u00e8 stata dichiarata la decadenza del sindaco.<\/p>\n\n\n\n<figure class=\"wp-block-image size-large\"><img loading=\"lazy\" width=\"1024\" height=\"746\" src=\"http:\/\/www.messinaoggi.it\/website\/wp-content\/uploads\/2025\/10\/b8e052a3-85fd-4a23-8fea-e2619a24487f-1024x746.jpg\" alt=\"\" class=\"wp-image-251332\" srcset=\"https:\/\/www.messinaoggi.it\/website\/wp-content\/uploads\/2025\/10\/b8e052a3-85fd-4a23-8fea-e2619a24487f-1024x746.jpg 1024w, https:\/\/www.messinaoggi.it\/website\/wp-content\/uploads\/2025\/10\/b8e052a3-85fd-4a23-8fea-e2619a24487f-300x218.jpg 300w, https:\/\/www.messinaoggi.it\/website\/wp-content\/uploads\/2025\/10\/b8e052a3-85fd-4a23-8fea-e2619a24487f-768x559.jpg 768w, https:\/\/www.messinaoggi.it\/website\/wp-content\/uploads\/2025\/10\/b8e052a3-85fd-4a23-8fea-e2619a24487f.jpg 1059w\" sizes=\"(max-width: 1024px) 100vw, 1024px\" \/><figcaption><strong>Ivano Cantello, gi\u00e0 assessore al Comune di Giardini Naxos<\/strong><\/figcaption><\/figure>\n\n\n\n<p>Ad inizio febbraio, Nino German\u00e0, visto l&#8217;atteggiamento di Cantello l&#8217;ha espulso dal partito e di fatto non \u00e8 stato pi\u00f9 parte integrante della coalizione di centrodestra. Nel frattempo \u00e8 iniziata la &#8220;campagna acquisti&#8221; di Cateno De Luca e pare che, nonostante il tradimento politico, i due abbiano trovato un&#8217;intesa. Ovviamente, si tratta di un seggio a Palazzo Zanca con una candidatura in una delle dieci liste, e soprattutto una successiva ipotesi in caso di elezioni di nomina per il fratello Ivano da qualche parte.<\/p>\n\n\n\n<p>E arriviamo a domenica quando Mirko Cantello dirama un comunicato stampa in cui &#8211; bench\u00e9 sia stato espulso dalla Lega &#8211; manifesta la sua contrariet\u00e0 alla scelta del candidato sindaco Marcello Scurria dice che non accetta diktat ma allo stesso tempo ne fa uno: &#8220;Entro marted\u00ec il centrodestra deve ritirare la candidatura di Scurria&#8221;.<\/p>\n\n\n\n<p>Siamo a mercoled\u00ec e non solo la candidatura non \u00e8 stata ritirata, ma Cantello \u00e8 scomparso dai radar. A ricordare la sua esistenza ci pensa Cateno De Luca nelle sue dirette Social, il quale pone la questione di uno possibile ritorno, dopo averlo pesantemente insultato, rimettendo ogni decisione al candidato sindaco Federico Basile. <\/p>\n\n\n\n<p>Il finale di questa &#8220;sceneggiata&#8221; non riserver\u00e0 nulla di rilevante: Cantello sar\u00e0 candidato con le liste a sostegno di Basile. <\/p>\n","protected":false},"excerpt":{"rendered":"<p>Andiamo a ritroso nel tempo per ricostruire i contorni di quella che possiamo definire una sceneggiata &#8211; senza tema di smentita &#8211; di Mirko Cantello. Ad ottobre scorso si consuma lo strappo con la Lega tant&#8217;\u00e8 che il consigliere comunale, Mirko Cantello, annuncia la sua migrazione al gruppo misto. Alla base screzi con il leader [&hellip;]<\/p>\n","protected":false},"author":2,"featured_media":262443,"comment_status":"open","ping_status":"open","sticky":false,"template":"","format":"standard","meta":{"ub_ctt_via":"","_mi_skip_tracking":false},"categories":[6],"tags":[126,2972,12924,1613,6491,1082],"featured_image_src":"https:\/\/www.messinaoggi.it\/website\/wp-content\/uploads\/2026\/03\/images.jpg","author_info":{"display_name":"Redazione","author_link":"https:\/\/www.messinaoggi.it\/website\/author\/redazione\/"},"digistream_id":0,"digistream":false,"_links":{"self":[{"href":"https:\/\/www.messinaoggi.it\/website\/wp-json\/wp\/v2\/posts\/262442"}],"collection":[{"href":"https:\/\/www.messinaoggi.it\/website\/wp-json\/wp\/v2\/posts"}],"about":[{"href":"https:\/\/www.messinaoggi.it\/website\/wp-json\/wp\/v2\/types\/post"}],"author":[{"embeddable":true,"href":"https:\/\/www.messinaoggi.it\/website\/wp-json\/wp\/v2\/users\/2"}],"replies":[{"embeddable":true,"href":"https:\/\/www.messinaoggi.it\/website\/wp-json\/wp\/v2\/comments?post=262442"}],"version-history":[{"count":2,"href":"https:\/\/www.messinaoggi.it\/website\/wp-json\/wp\/v2\/posts\/262442\/revisions"}],"predecessor-version":[{"id":262451,"href":"https:\/\/www.messinaoggi.it\/website\/wp-json\/wp\/v2\/posts\/262442\/revisions\/262451"}],"wp:featuredmedia":[{"embeddable":true,"href":"https:\/\/www.messinaoggi.it\/website\/wp-json\/wp\/v2\/media\/262443"}],"wp:attachment":[{"href":"https:\/\/www.messinaoggi.it\/website\/wp-json\/wp\/v2\/media?parent=262442"}],"wp:term":[{"taxonomy":"category","embeddable":true,"href":"https:\/\/www.messinaoggi.it\/website\/wp-json\/wp\/v2\/categories?post=262442"},{"taxonomy":"post_tag","embeddable":true,"href":"https:\/\/www.messinaoggi.it\/website\/wp-json\/wp\/v2\/tags?post=262442"}],"curies":[{"name":"wp","href":"https:\/\/api.w.org\/{rel}","templated":true}]}}