{"id":26240,"date":"2018-11-01T10:37:37","date_gmt":"2018-11-01T09:37:37","guid":{"rendered":"http:\/\/www.messinaoggi.it\/website\/?p=26240"},"modified":"2018-11-01T10:37:37","modified_gmt":"2018-11-01T09:37:37","slug":"de-domenico-de-luca-faccia-un-passo-indietro","status":"publish","type":"post","link":"https:\/\/www.messinaoggi.it\/website\/2018\/11\/01\/de-domenico-de-luca-faccia-un-passo-indietro\/","title":{"rendered":"De Domenico: &quot;De Luca faccia un passo indietro&quot;"},"content":{"rendered":"<p style=\"text-align: justify;\">In piazza al fianco dei lavoratori. Il deputato regionale del Pd, Franco De Domenico, ieri mattina ha dato il suo sostegno alla manifestazione dei sindacati Cgil e Uil, in segno di protesta nei confronti del sindaco Cateno De Luca.<div id=\"div-gpt-ad-Messinaoggi.it-DSK-300x250-corpoart\" style=\"text-align:center;margin:0 auto;\"><\/div><\/p>\n<p style=\"text-align: justify;\">\u201c<em>Faccia un passo indietro \u2013 ha detto il parlamentare regionale \u2013 perch\u00e9 un sindaco non pu\u00f2 interrompere le relazioni con due dei sindacati pi\u00f9 rappresentativi. E\u2019 anomalo ci\u00f2 che sta accadendo a Messina. Il primo cittadino ha il dovere di dialogare con tutte le componenti sindacali\u201d.<\/em><div id=\"videoincontent\" style=\"clear:both\";><\/div><\/p>\n<p style=\"text-align: justify;\">Il parlamentare del Pd scende anche sul piano strettamente politico. \u201c<em>De Luca deve comprendere che \u00e8 un sindaco senza maggioranza. Il consiglio comunale gli ha dato fiducia per il Salva Messina, bench\u00e9 sia stato riformato da corretti emendamenti di nostri consiglieri del Pd, ma sappia che questa situazione politica potrebbe essere ribaltata. Il sindaco corre il rischio di rimanere isolato\u201d<\/em>.<\/p>\n","protected":false},"excerpt":{"rendered":"<p>In piazza al fianco dei lavoratori. Il deputato regionale del Pd, Franco De Domenico, ieri mattina ha dato il suo sostegno alla manifestazione dei sindacati Cgil e Uil, in segno di protesta nei confronti del sindaco Cateno De Luca. \u201cFaccia un passo indietro \u2013 ha detto il parlamentare regionale \u2013 perch\u00e9 un sindaco non pu\u00f2 [&hellip;]<\/p>\n","protected":false},"author":2,"featured_media":26236,"comment_status":"closed","ping_status":"open","sticky":false,"template":"","format":"standard","meta":{"ub_ctt_via":"","_mi_skip_tracking":false},"categories":[6],"tags":[],"featured_image_src":"https:\/\/www.messinaoggi.it\/website\/wp-content\/uploads\/2018\/11\/F46B02D8-FAD5-4431-BCB1-AA9AE7DF7425.jpeg","author_info":{"display_name":"Redazione","author_link":"https:\/\/www.messinaoggi.it\/website\/author\/redazione\/"},"digistream_id":0,"digistream":false,"_links":{"self":[{"href":"https:\/\/www.messinaoggi.it\/website\/wp-json\/wp\/v2\/posts\/26240"}],"collection":[{"href":"https:\/\/www.messinaoggi.it\/website\/wp-json\/wp\/v2\/posts"}],"about":[{"href":"https:\/\/www.messinaoggi.it\/website\/wp-json\/wp\/v2\/types\/post"}],"author":[{"embeddable":true,"href":"https:\/\/www.messinaoggi.it\/website\/wp-json\/wp\/v2\/users\/2"}],"replies":[{"embeddable":true,"href":"https:\/\/www.messinaoggi.it\/website\/wp-json\/wp\/v2\/comments?post=26240"}],"version-history":[{"count":0,"href":"https:\/\/www.messinaoggi.it\/website\/wp-json\/wp\/v2\/posts\/26240\/revisions"}],"wp:featuredmedia":[{"embeddable":true,"href":"https:\/\/www.messinaoggi.it\/website\/wp-json\/wp\/v2\/media\/26236"}],"wp:attachment":[{"href":"https:\/\/www.messinaoggi.it\/website\/wp-json\/wp\/v2\/media?parent=26240"}],"wp:term":[{"taxonomy":"category","embeddable":true,"href":"https:\/\/www.messinaoggi.it\/website\/wp-json\/wp\/v2\/categories?post=26240"},{"taxonomy":"post_tag","embeddable":true,"href":"https:\/\/www.messinaoggi.it\/website\/wp-json\/wp\/v2\/tags?post=26240"}],"curies":[{"name":"wp","href":"https:\/\/api.w.org\/{rel}","templated":true}]}}