{"id":262394,"date":"2026-03-04T01:08:21","date_gmt":"2026-03-04T00:08:21","guid":{"rendered":"https:\/\/www.messinaoggi.it\/website\/2026\/03\/04\/semifinale-dandata-di-coppa-italia-senza-reti-como-inter-0-0\/"},"modified":"2026-03-04T01:08:21","modified_gmt":"2026-03-04T00:08:21","slug":"semifinale-dandata-di-coppa-italia-senza-reti-como-inter-0-0","status":"publish","type":"post","link":"https:\/\/www.messinaoggi.it\/website\/2026\/03\/04\/semifinale-dandata-di-coppa-italia-senza-reti-como-inter-0-0\/","title":{"rendered":"Semifinale d\u2019andata di Coppa Italia senza reti, Como-Inter 0-0"},"content":{"rendered":"<div>COMO (ITALPRESS) &#8211; Nulla di fatto nella semifinale d&#8217;andata di Coppa Italia tra Como e Inter. La partita finisce senza reti e lascia aperto ogni scenario in vista del match di ritorno, quando (fra oltre un mese e mezzo) i lariani di Cesc Fabregas e i nerazzurri di Cristian Chivu si giocheranno tutto San Siro. La prima occasione della gara arriva al 17&#8242;, quando Carlos Augusto compie un tempestivo intervento in scivolata per impedire a Vojvoda di calciare a botta sicura da ottima posizione, dopo un errore difensivo di Bisseck. Al 36&#8242; \u00e8 Nico Paz ad accendersi, con un mancino dalla distanza che viene deviato in corner da Mart\u00ecnez. Sei minuti pi\u00f9 tardi, Vojvoda mette a sedere Bastoni in area di rigore e ci prova con un esterno destro da posizione defilata, ma la sfera esce a lato. I padroni di casa si fanno preferire, ma si va al riposo sullo 0-0. <br \/>A pochi secondi dall&#8217;inizio della ripresa, Darmian trova spazio sulla destra e, quasi dalla linea di fondo, centra il palo. Tre minuti dopo, Valle si divora il possibile 1-0 quando grazia Mart\u00ecnez da due passi vanificando un buon cross basso dalla destra di Smolcic. <br \/>Sembra il preludio a un secondo tempo ricco di emozioni, ma non sar\u00e0 cos\u00ec. La girandola di cambi da una parte e dall&#8217;altra non sposta gli equilibri e le opportunit\u00e0 da gol latitano fino al triplice fischio finale di Di Bello, che certifica il pareggio. Tra oltre un mese (il 22 aprile), le due rivali torneranno ad affrontarsi per la sfida di ritorno prevista a San Siro. Prima di allora, la testa sar\u00e0 tutta sul campionato. Sabato, i lariani saranno ospiti del Cagliari mentre i nerazzurri scenderanno in campo domenica per il derby della Madonnina. Domani sera, intanto, la Coppa Italia prosegue con la seconda semifinale che vedr\u00e0 opposte Lazio e Atalanta.<br \/>&#8211; Foto Image -.<br \/>(ITALPRESS).<\/div>\n<div id=\"div-gpt-ad-Messinaoggi.it-DSK-300x250-corpoart\" style=\"text-align:center;margin:0 auto;\"><\/div><\/p><div id=\"videoincontent\" style=\"clear:both\";><\/div>","protected":false},"excerpt":{"rendered":"<p>COMO (ITALPRESS) &#8211; Nulla di fatto nella semifinale d&#8217;andata di Coppa Italia tra Como e Inter. La partita finisce senza reti e lascia aperto ogni scenario in vista del match di ritorno, quando (fra oltre un mese e mezzo) i lariani di Cesc Fabregas e i nerazzurri di Cristian Chivu si giocheranno tutto San Siro. [&hellip;]<\/p>\n","protected":false},"author":18,"featured_media":262395,"comment_status":"closed","ping_status":"closed","sticky":false,"template":"","format":"standard","meta":{"ub_ctt_via":"","_mi_skip_tracking":false},"categories":[446],"tags":[783],"featured_image_src":"https:\/\/www.messinaoggi.it\/website\/wp-content\/uploads\/2026\/03\/20260303_2618.jpg","author_info":{"display_name":"Admin","author_link":"https:\/\/www.messinaoggi.it\/website\/author\/admin\/"},"digistream_id":0,"digistream":false,"_links":{"self":[{"href":"https:\/\/www.messinaoggi.it\/website\/wp-json\/wp\/v2\/posts\/262394"}],"collection":[{"href":"https:\/\/www.messinaoggi.it\/website\/wp-json\/wp\/v2\/posts"}],"about":[{"href":"https:\/\/www.messinaoggi.it\/website\/wp-json\/wp\/v2\/types\/post"}],"author":[{"embeddable":true,"href":"https:\/\/www.messinaoggi.it\/website\/wp-json\/wp\/v2\/users\/18"}],"replies":[{"embeddable":true,"href":"https:\/\/www.messinaoggi.it\/website\/wp-json\/wp\/v2\/comments?post=262394"}],"version-history":[{"count":0,"href":"https:\/\/www.messinaoggi.it\/website\/wp-json\/wp\/v2\/posts\/262394\/revisions"}],"wp:featuredmedia":[{"embeddable":true,"href":"https:\/\/www.messinaoggi.it\/website\/wp-json\/wp\/v2\/media\/262395"}],"wp:attachment":[{"href":"https:\/\/www.messinaoggi.it\/website\/wp-json\/wp\/v2\/media?parent=262394"}],"wp:term":[{"taxonomy":"category","embeddable":true,"href":"https:\/\/www.messinaoggi.it\/website\/wp-json\/wp\/v2\/categories?post=262394"},{"taxonomy":"post_tag","embeddable":true,"href":"https:\/\/www.messinaoggi.it\/website\/wp-json\/wp\/v2\/tags?post=262394"}],"curies":[{"name":"wp","href":"https:\/\/api.w.org\/{rel}","templated":true}]}}