{"id":26232,"date":"2018-11-01T15:31:51","date_gmt":"2018-11-01T14:31:51","guid":{"rendered":"http:\/\/www.messinaoggi.it\/website\/?p=26232"},"modified":"2018-11-01T15:31:51","modified_gmt":"2018-11-01T14:31:51","slug":"accorinti-rompe-il-silenzio-basta-con-le-falsita-di-de-luca","status":"publish","type":"post","link":"https:\/\/www.messinaoggi.it\/website\/2018\/11\/01\/accorinti-rompe-il-silenzio-basta-con-le-falsita-di-de-luca\/","title":{"rendered":"Accorinti rompe il silenzio: &quot;Basta con le falsit\u00e0 di De Luca&quot;"},"content":{"rendered":"<p style=\"text-align: justify;\">Ha rotto il silenzio dopo gli schizzi di fango del sindaco Cateno De Luca. Renato Accorinti, alla manifestazione dei sindacati Cgil e Uil contro il dirigismo del sindaco, ha parlato del suo successore. \u201c<em>Sono rimasto in silenzio per mesi perch\u00e9 so quanto sia difficile amministrare questa citt\u00e0, non ho replicato alle sue accuse infamanti, ma adesso dico basta. De Luca non pu\u00f2 continuare a spargere fango sul lavoro della mia Amministrazione<\/em>\u201d.<div id=\"div-gpt-ad-Messinaoggi.it-DSK-300x250-corpoart\" style=\"text-align:center;margin:0 auto;\"><\/div><\/p>\n<p style=\"text-align: justify;\">Renato Accorinti, in sella alla sua bicicletta, al suo arrivo a piazza Unione Europea \u00e8 stato \u201ccircondato\u201d dagli ex interinali dell\u2019Atm. Continua ad avere un certo appeal, nonostante le accuse di De Luca. \u201c<em>Ma come si fa ad insultare i lavoratori, com\u2019\u00e8 si fa a dare del mafioso ad onesti lavoratori che hanno vinto una selezione attraverso una societ\u00e0 interinale. Tutto questo \u00e8 inaccettabile da parte di un sindaco. Piuttosto che insultare i lavoratori che porti risultati concreti per la citt\u00e0<\/em>\u201d.<div id=\"videoincontent\" style=\"clear:both\";><\/div><\/p>\n<p style=\"text-align: justify;\">De Luca ha definito gli ex amministratori componenti di un\u2019associazione criminale. \u201c<em>Adesso basta, c\u2019\u00e8 un limite a tutto. Sono stato in silenzio rispetto alle falsit\u00e0 che ha detto, ma dopo quest\u2019ultima affermazione noi reagiremo. Non possiamo pi\u00f9 rimanere in silenzio, non \u00e8 giusto nei confronti nostri e della citt\u00e0. Noi abbiamo agito nel pieno rispetto della legalit\u00e0 perch\u00e9 siamo persone oneste. Conosco benissimo la storia politica di De Luca, ma non ho mai detto una sola parola sul suo conto. Non accetto pi\u00f9 falsit\u00e0 sulla mia amministrazione\u201d<\/em>.<\/p>\n<p style=\"text-align: justify;\">Renato Accorinti per la prima volta da quando non \u00e8 pi\u00f9 sindaco ha deciso di scendere in piazza per dare la propria solidariet\u00e0 ai lavoratori vilipesi da De Luca.<\/p>\n<p>Il &#8220;duello&#8221; dialettico adesso di sposter\u00e0 nelle aule di Tribunale, dal momento che l&#8217;ex sindaco Accorinti ed i suoi assessori hanno deciso di querelare De Luca.<\/p>\n","protected":false},"excerpt":{"rendered":"<p>Ha rotto il silenzio dopo gli schizzi di fango del sindaco Cateno De Luca. Renato Accorinti, alla manifestazione dei sindacati Cgil e Uil contro il dirigismo del sindaco, ha parlato del suo successore. \u201cSono rimasto in silenzio per mesi perch\u00e9 so quanto sia difficile amministrare questa citt\u00e0, non ho replicato alle sue accuse infamanti, ma [&hellip;]<\/p>\n","protected":false},"author":2,"featured_media":26235,"comment_status":"closed","ping_status":"open","sticky":false,"template":"","format":"standard","meta":{"ub_ctt_via":"","_mi_skip_tracking":false},"categories":[6],"tags":[],"featured_image_src":"https:\/\/www.messinaoggi.it\/website\/wp-content\/uploads\/2018\/11\/48E58F09-E52E-4AF3-AE8D-3CEA7F81C778.jpeg","author_info":{"display_name":"Redazione","author_link":"https:\/\/www.messinaoggi.it\/website\/author\/redazione\/"},"digistream_id":0,"digistream":false,"_links":{"self":[{"href":"https:\/\/www.messinaoggi.it\/website\/wp-json\/wp\/v2\/posts\/26232"}],"collection":[{"href":"https:\/\/www.messinaoggi.it\/website\/wp-json\/wp\/v2\/posts"}],"about":[{"href":"https:\/\/www.messinaoggi.it\/website\/wp-json\/wp\/v2\/types\/post"}],"author":[{"embeddable":true,"href":"https:\/\/www.messinaoggi.it\/website\/wp-json\/wp\/v2\/users\/2"}],"replies":[{"embeddable":true,"href":"https:\/\/www.messinaoggi.it\/website\/wp-json\/wp\/v2\/comments?post=26232"}],"version-history":[{"count":0,"href":"https:\/\/www.messinaoggi.it\/website\/wp-json\/wp\/v2\/posts\/26232\/revisions"}],"wp:featuredmedia":[{"embeddable":true,"href":"https:\/\/www.messinaoggi.it\/website\/wp-json\/wp\/v2\/media\/26235"}],"wp:attachment":[{"href":"https:\/\/www.messinaoggi.it\/website\/wp-json\/wp\/v2\/media?parent=26232"}],"wp:term":[{"taxonomy":"category","embeddable":true,"href":"https:\/\/www.messinaoggi.it\/website\/wp-json\/wp\/v2\/categories?post=26232"},{"taxonomy":"post_tag","embeddable":true,"href":"https:\/\/www.messinaoggi.it\/website\/wp-json\/wp\/v2\/tags?post=26232"}],"curies":[{"name":"wp","href":"https:\/\/api.w.org\/{rel}","templated":true}]}}