{"id":26231,"date":"2018-11-01T10:37:36","date_gmt":"2018-11-01T09:37:36","guid":{"rendered":"http:\/\/www.messinaoggi.it\/website\/?p=26231"},"modified":"2018-11-01T10:37:36","modified_gmt":"2018-11-01T09:37:36","slug":"riforma-118-fsi-usae-seus-nuovo-soggetto-giuridico-areu","status":"publish","type":"post","link":"https:\/\/www.messinaoggi.it\/website\/2018\/11\/01\/riforma-118-fsi-usae-seus-nuovo-soggetto-giuridico-areu\/","title":{"rendered":"Riforma 118, Fsi-Usae: &quot;Seus nuovo soggetto giuridico Areu&quot;\u00a0"},"content":{"rendered":"<p>Due giorni di no stop alla Regione siciliana per la Fsi-Usae, che si \u00e8 insediata nella commissione regionale permanente all\u2019assessorato della Salute convocata dall\u2019assessore regionale Ruggero Razza per trattare e decidere temi fulcro e con molte criticit\u00e0, quali i fondi economici regionali e delle 18 aziende sanitarie, di assunzioni e 118, oggi invece convocata per un importante tema per la sanit\u00e0 siciliana e cio\u00e8 la riforma della Seus che \u00e8 stata illustrata stamattina da Razza e il suo staff.<br \/>\nLa Fsi-Usae \u00e8 sindacato firmatario del Ccnl comparto sanit\u00e0 e presente in tutti e 4 comparti del pubblico impiego, Funzioni centrali (nel quale confluiscono ministeri, agenzie fiscali, enti pubblici non economici), Funzioni locali (Regioni e autonomie locali), Scuola (Istruzione e ricerca) e Sanit\u00e0, nel privato e nel terziario.<br \/>\nL&#8217;assessore Razza ha dichiarato che ci sar\u00e0 una modifica statutaria della Seus e nascer\u00e0 un nuovo soggetto giuridico l\u2019Areu, una vera e propria struttura sanitaria come un\u2019azienda sanitaria avr\u00e0 un direttore generale, un direttore sanitario e un direttore amministrativo non ci sar\u00e0 pi\u00f9 un amministratore unico. Le quote saranno 51% della Regione e 49% Areu.<br \/>\nSaranno costituiti dei tavoli tecnici per discutere con i sindacati per condividerne il testo di riforma, l\u2019assessore ha prospettato di portare il disegno di legge del 118 in giunta regionale per febbraio 2019. Molte le incrostazioni da rimuovere nella Seus, intanto le riunioni si faranno in assessorato e non pi\u00f9 a Villagrazia.<br \/>\n\u201cAbbiamo fatto verbalizzare la posizione presa con i precedenti governi regionali &#8211; afferma Calogero Coniglio, segretario Fsi-Usae &#8211; siamo contrari e non permetteremo che nel nuovo ente sanitario previsto nella riforma del 118, possano essere assunti Infermieri e altro personale con contratti libero professionali con partita Iva che non garantiscono personale addestrato e formato nell\u2019urgenza ed emergenza da far salire sulle ambulanze e creando ulteriore precariato&#8221;.<br \/>\n&#8220;Abbiamo denunciato all\u2019assessore la gestione terroristica attuale della Seus che ha vessato il personale con procedimenti disciplinari insensati che impugnati dal giudice poi vincono i lavoratori. In alcune postazioni i turni sono redatti a seconda delle appartenze politiche. Attualmente le centrali operative sono autogestite e non coordinate tra loro\u201d, ha dichiarato Renzo Spada Coordinatore Regionale Fsi-Usae Seus 118.<br \/>\nL&#8217;assessore Razza ha dichiarato che l\u2019attivit\u00e0 della Seus costa 11 milioni di euro. Dei 3200 dipendenti non sar\u00e0 licenziato nessuno, anzi sar\u00e0 riqualificato e formato al Cefpas e quelli con limitazioni fisiche o con attestato Oss potranno essere ricollocati. L\u20198 novembre si riunir\u00e0 il consiglio di amministrazione della Seus e subito saranno convocati i sindacati.<br \/>\nL\u2019assessore ha dichiarato che dopo l\u2019approvazione della rete ospedaliera, la riforma dell\u2019emergenza partir\u00e0 anche la riforma della rete dei servizi-territoriali, abbiamo chiesto di includere in questa riforma l\u2019infermiere di famiglia, figura di cui la Fsi-Usae ha promosso e depositato alla Camera dei Deputati un disegno legge&#8221;.<div id=\"div-gpt-ad-Messinaoggi.it-DSK-300x250-corpoart\" style=\"text-align:center;margin:0 auto;\"><\/div><\/p>\n<div id=\"videoincontent\" style=\"clear:both\";><\/div>","protected":false},"excerpt":{"rendered":"<p>Due giorni di no stop alla Regione siciliana per la Fsi-Usae, che si \u00e8 insediata nella commissione regionale permanente all\u2019assessorato della Salute convocata dall\u2019assessore regionale Ruggero Razza per trattare e decidere temi fulcro e con molte criticit\u00e0, quali i fondi economici regionali e delle 18 aziende sanitarie, di assunzioni e 118, oggi invece convocata per [&hellip;]<\/p>\n","protected":false},"author":4,"featured_media":26241,"comment_status":"closed","ping_status":"open","sticky":false,"template":"","format":"standard","meta":{"ub_ctt_via":"","_mi_skip_tracking":false},"categories":[11],"tags":[],"featured_image_src":"https:\/\/www.messinaoggi.it\/website\/wp-content\/uploads\/2018\/11\/ruggero-razza-assessore-alla-sanita.jpg","author_info":{"display_name":"redme","author_link":"https:\/\/www.messinaoggi.it\/website\/author\/redme\/"},"digistream_id":0,"digistream":false,"_links":{"self":[{"href":"https:\/\/www.messinaoggi.it\/website\/wp-json\/wp\/v2\/posts\/26231"}],"collection":[{"href":"https:\/\/www.messinaoggi.it\/website\/wp-json\/wp\/v2\/posts"}],"about":[{"href":"https:\/\/www.messinaoggi.it\/website\/wp-json\/wp\/v2\/types\/post"}],"author":[{"embeddable":true,"href":"https:\/\/www.messinaoggi.it\/website\/wp-json\/wp\/v2\/users\/4"}],"replies":[{"embeddable":true,"href":"https:\/\/www.messinaoggi.it\/website\/wp-json\/wp\/v2\/comments?post=26231"}],"version-history":[{"count":0,"href":"https:\/\/www.messinaoggi.it\/website\/wp-json\/wp\/v2\/posts\/26231\/revisions"}],"wp:featuredmedia":[{"embeddable":true,"href":"https:\/\/www.messinaoggi.it\/website\/wp-json\/wp\/v2\/media\/26241"}],"wp:attachment":[{"href":"https:\/\/www.messinaoggi.it\/website\/wp-json\/wp\/v2\/media?parent=26231"}],"wp:term":[{"taxonomy":"category","embeddable":true,"href":"https:\/\/www.messinaoggi.it\/website\/wp-json\/wp\/v2\/categories?post=26231"},{"taxonomy":"post_tag","embeddable":true,"href":"https:\/\/www.messinaoggi.it\/website\/wp-json\/wp\/v2\/tags?post=26231"}],"curies":[{"name":"wp","href":"https:\/\/api.w.org\/{rel}","templated":true}]}}