{"id":262285,"date":"2026-03-02T10:00:11","date_gmt":"2026-03-02T09:00:11","guid":{"rendered":"http:\/\/www.messinaoggi.it\/website\/?p=262285"},"modified":"2026-03-02T10:00:13","modified_gmt":"2026-03-02T09:00:13","slug":"galleria-san-jachiddu-chiusa-da-oggi","status":"publish","type":"post","link":"https:\/\/www.messinaoggi.it\/website\/2026\/03\/02\/galleria-san-jachiddu-chiusa-da-oggi\/","title":{"rendered":"Galleria San Jachiddu, chiusa da oggi"},"content":{"rendered":"\n<p>La galleria San Jachiddu da questa mattina e fino  alla conclusione dei lavori sar\u00e0 interdetta al traffico veicolare dalle 9 alle 17. <div id=\"div-gpt-ad-Messinaoggi.it-DSK-300x250-corpoart\" style=\"text-align:center;margin:0 auto;\"><\/div><\/p>\n\n\n\n<p>Il tunnel sar\u00e0 interessato da lavori che ne impediscono la fruibilit\u00e0 fino all&#8217;11 marzo 2026. Si tratta di lavori urgenti agli impianti che dovranno essere realizzati per la piena e sicura fruibilit\u00e0<div id=\"videoincontent\" style=\"clear:both\";><\/div><\/p>\n\n\n\n<p>Ovviamente, la chiusura nella fascia oraria indicata, determiner\u00e0 un appesantimento nelle strade a valle di viale Giostra.<\/p>\n","protected":false},"excerpt":{"rendered":"<p>La galleria San Jachiddu da questa mattina e fino alla conclusione dei lavori sar\u00e0 interdetta al traffico veicolare dalle 9 alle 17. Il tunnel sar\u00e0 interessato da lavori che ne impediscono la fruibilit\u00e0 fino all&#8217;11 marzo 2026. Si tratta di lavori urgenti agli impianti che dovranno essere realizzati per la piena e sicura fruibilit\u00e0 Ovviamente, [&hellip;]<\/p>\n","protected":false},"author":2,"featured_media":262286,"comment_status":"open","ping_status":"open","sticky":false,"template":"","format":"standard","meta":{"ub_ctt_via":"","_mi_skip_tracking":false},"categories":[6],"tags":[2651,12907,5462],"featured_image_src":"https:\/\/www.messinaoggi.it\/website\/wp-content\/uploads\/2026\/03\/592b8942-6657-4817-a5c9-67d2e2bad3fd.jpg","author_info":{"display_name":"Redazione","author_link":"https:\/\/www.messinaoggi.it\/website\/author\/redazione\/"},"digistream_id":0,"digistream":false,"_links":{"self":[{"href":"https:\/\/www.messinaoggi.it\/website\/wp-json\/wp\/v2\/posts\/262285"}],"collection":[{"href":"https:\/\/www.messinaoggi.it\/website\/wp-json\/wp\/v2\/posts"}],"about":[{"href":"https:\/\/www.messinaoggi.it\/website\/wp-json\/wp\/v2\/types\/post"}],"author":[{"embeddable":true,"href":"https:\/\/www.messinaoggi.it\/website\/wp-json\/wp\/v2\/users\/2"}],"replies":[{"embeddable":true,"href":"https:\/\/www.messinaoggi.it\/website\/wp-json\/wp\/v2\/comments?post=262285"}],"version-history":[{"count":1,"href":"https:\/\/www.messinaoggi.it\/website\/wp-json\/wp\/v2\/posts\/262285\/revisions"}],"predecessor-version":[{"id":262287,"href":"https:\/\/www.messinaoggi.it\/website\/wp-json\/wp\/v2\/posts\/262285\/revisions\/262287"}],"wp:featuredmedia":[{"embeddable":true,"href":"https:\/\/www.messinaoggi.it\/website\/wp-json\/wp\/v2\/media\/262286"}],"wp:attachment":[{"href":"https:\/\/www.messinaoggi.it\/website\/wp-json\/wp\/v2\/media?parent=262285"}],"wp:term":[{"taxonomy":"category","embeddable":true,"href":"https:\/\/www.messinaoggi.it\/website\/wp-json\/wp\/v2\/categories?post=262285"},{"taxonomy":"post_tag","embeddable":true,"href":"https:\/\/www.messinaoggi.it\/website\/wp-json\/wp\/v2\/tags?post=262285"}],"curies":[{"name":"wp","href":"https:\/\/api.w.org\/{rel}","templated":true}]}}