{"id":262269,"date":"2026-03-01T21:08:14","date_gmt":"2026-03-01T20:08:14","guid":{"rendered":"https:\/\/www.messinaoggi.it\/website\/2026\/03\/01\/iran-meloni-sente-i-leader-di-giordania-oman-ue-e-informa-mattarella\/"},"modified":"2026-03-01T21:08:14","modified_gmt":"2026-03-01T20:08:14","slug":"iran-meloni-sente-i-leader-di-giordania-oman-ue-e-informa-mattarella","status":"publish","type":"post","link":"https:\/\/www.messinaoggi.it\/website\/2026\/03\/01\/iran-meloni-sente-i-leader-di-giordania-oman-ue-e-informa-mattarella\/","title":{"rendered":"Iran, Meloni sente i leader di Giordania, Oman, Ue e informa Mattarella"},"content":{"rendered":"<div>ROMA (ITALPRESS) &#8211; Anche nel corso della giornata odierna sono proseguiti i contatti del Presidente del Consiglio, Giorgia Meloni, con i leader della regione mediorientale, a partire dalle conversazioni telefoniche intercorse con il Re di Giordania e il Sultano dell&#8217;Oman, che si aggiungono ai numerosi contatti gi\u00e0 avuti nella giornata di ieri con le restanti autorit\u00e0 delle nazioni del Golfo. Cos\u00ec Palazzo Chigi in una nota.<br \/>Il Presidente Meloni ha inoltre avuto colloqui con la Presidente della Commissione Europea, Ursula von der Leyen, e con il Presidente della Repubblica di Cipro, Nikos Christodoulides, in qualit\u00e0 di Presidenza di turno dell&#8217;Unione Europea. <br \/>Il Presidente del Consiglio ha quindi relazionato il Presidente della Repubblica, Sergio Mattarella, aggiornandolo compiutamente sugli sviluppi della situazione e sui contatti intercorsi. <br \/>In parallelo, continua il costante coordinamento con il Ministro degli Affari Esteri e della Cooperazione Internazionale, Antonio Tajani, in merito alla situazione dei connazionali residenti e in transito nella regione, &#8220;a cui si rinnova l&#8217;invito alla massima prudenza e a osservare le indicazioni che provengono dall&#8217;Unit\u00e0 di crisi della Farnesina&#8221;.<div id=\"div-gpt-ad-Messinaoggi.it-DSK-300x250-corpoart\" style=\"text-align:center;margin:0 auto;\"><\/div><\/p>\n<p>&#8211; Foto IPA Agency &#8211;<div id=\"videoincontent\" style=\"clear:both\";><\/div><\/p>\n<p>(ITALPRESS).<\/p><\/div>\n","protected":false},"excerpt":{"rendered":"<p>ROMA (ITALPRESS) &#8211; Anche nel corso della giornata odierna sono proseguiti i contatti del Presidente del Consiglio, Giorgia Meloni, con i leader della regione mediorientale, a partire dalle conversazioni telefoniche intercorse con il Re di Giordania e il Sultano dell&#8217;Oman, che si aggiungono ai numerosi contatti gi\u00e0 avuti nella giornata di ieri con le restanti [&hellip;]<\/p>\n","protected":false},"author":18,"featured_media":262270,"comment_status":"closed","ping_status":"closed","sticky":false,"template":"","format":"standard","meta":{"ub_ctt_via":"","_mi_skip_tracking":false},"categories":[446],"tags":[783],"featured_image_src":"https:\/\/www.messinaoggi.it\/website\/wp-content\/uploads\/2026\/03\/20260301_1882.jpg","author_info":{"display_name":"Admin","author_link":"https:\/\/www.messinaoggi.it\/website\/author\/admin\/"},"digistream_id":0,"digistream":false,"_links":{"self":[{"href":"https:\/\/www.messinaoggi.it\/website\/wp-json\/wp\/v2\/posts\/262269"}],"collection":[{"href":"https:\/\/www.messinaoggi.it\/website\/wp-json\/wp\/v2\/posts"}],"about":[{"href":"https:\/\/www.messinaoggi.it\/website\/wp-json\/wp\/v2\/types\/post"}],"author":[{"embeddable":true,"href":"https:\/\/www.messinaoggi.it\/website\/wp-json\/wp\/v2\/users\/18"}],"replies":[{"embeddable":true,"href":"https:\/\/www.messinaoggi.it\/website\/wp-json\/wp\/v2\/comments?post=262269"}],"version-history":[{"count":0,"href":"https:\/\/www.messinaoggi.it\/website\/wp-json\/wp\/v2\/posts\/262269\/revisions"}],"wp:featuredmedia":[{"embeddable":true,"href":"https:\/\/www.messinaoggi.it\/website\/wp-json\/wp\/v2\/media\/262270"}],"wp:attachment":[{"href":"https:\/\/www.messinaoggi.it\/website\/wp-json\/wp\/v2\/media?parent=262269"}],"wp:term":[{"taxonomy":"category","embeddable":true,"href":"https:\/\/www.messinaoggi.it\/website\/wp-json\/wp\/v2\/categories?post=262269"},{"taxonomy":"post_tag","embeddable":true,"href":"https:\/\/www.messinaoggi.it\/website\/wp-json\/wp\/v2\/tags?post=262269"}],"curies":[{"name":"wp","href":"https:\/\/api.w.org\/{rel}","templated":true}]}}