{"id":262232,"date":"2026-02-28T17:08:25","date_gmt":"2026-02-28T16:08:25","guid":{"rendered":"https:\/\/www.messinaoggi.it\/website\/2026\/02\/28\/allegri-milan-adesso-si-decide-tutto-futuro-con-la-societa-ce-sintonia\/"},"modified":"2026-02-28T17:08:25","modified_gmt":"2026-02-28T16:08:25","slug":"allegri-milan-adesso-si-decide-tutto-futuro-con-la-societa-ce-sintonia","status":"publish","type":"post","link":"https:\/\/www.messinaoggi.it\/website\/2026\/02\/28\/allegri-milan-adesso-si-decide-tutto-futuro-con-la-societa-ce-sintonia\/","title":{"rendered":"Allegri \u201cMilan, adesso si decide tutto. Futuro? Con la societ\u00e0 c\u2019\u00e8 sintonia\u201d"},"content":{"rendered":"<div>MILANO (ITALPRESS) &#8211; <strong><em>&#8220;Ora si decide la stagione, gli ultimi due mesi e mezzo&#8221;.<\/em> <\/strong>Alla vigilia della sfida contro la Cremonese, in programma domani alle 12.30 allo stadio Giovanni Zini, il tecnico del Milan <strong>Massimiliano Allegri<\/strong> ha fatto il punto sulla situazione della squadra in conferenza stampa, sottolineando come occorra subito ripartire dopo il ko col Parma. <em>&#8220;Dopo mesi che non perdevamo, un p\u00f2 tutti abbiamo preso il contraccolpo. Comunque bisogna ritornare a correre. Affrontiamo una squadra che ha ottime qualit\u00e0. Nelle ultime tre partite a Cremona il Milan non ha segnato. Sar\u00e0 una partita complicata ma dobbiamo tornare alla vittoria. Gabbia ha ancora l&#8217;infiammazione, a Loftus hanno rimesso i denti, Gimenez da questa settimana potrebbe iniziare a riallenarsi con la squadra&#8221;.<\/em><div id=\"div-gpt-ad-Messinaoggi.it-DSK-300x250-corpoart\" style=\"text-align:center;margin:0 auto;\"><\/div><\/p>\n<p>Il tecnico rossonero ha poi ribadito come l&#8217;impegno quotidiano del gruppo sia orientato al raggiungimento degli obiettivi stagionali. <em>&#8220;<strong>La squadra ogni giorno viene a Milanello e lavora per vincere.<\/strong> I punti che abbiamo sono quelli che ci meritiamo. Dobbiamo pensare partita dopo partita ed a fine maggio vedremo dove saremo&#8221;.<\/em> Allegri ha quindi approfondito il tema delle scelte offensive, lasciando aperti diversi scenari per l&#8217;attacco rossonero. <em>&#8220;Tutti e 4 gli attaccanti che ho stanno tutti bene. Domani non so chi far giocare&#8221;.<\/em> Poi per quanto riguarda il Var a chiamata: <em>&#8220;Sono arrivate delle nuove regole, significa che vogliono migliorare. Sulla chiamata ci sono pro e contro, \u00e8 una cosa che va studiata e provata&#8221;.<\/em><div id=\"videoincontent\" style=\"clear:both\";><\/div><\/p>\n<p>L&#8217;allenatore del Milan ha parlato ancora dell&#8217;episodio accaduto nella sfida contro il Parma: <em><strong>&#8220;L&#8217;indicazione mia \u00e8 che comunque bisogna noi squadra pensare a quello che dobbiamo fare. Un episodio non pu\u00f2 condizionare la partita.<\/strong> Non dobbiamo avere l&#8217;alibi del gol, del rigore, del fallo e non fallo, altrimenti andiamo in una direzione sbagliata. Bisogna essere bravi a gestire l&#8217;imprevisto&#8221;.<\/em> Spazio anche alle domande sul suo futuro sulla panchina rossonera, tema su cui Allegri ha voluto ribadire l&#8217;allineamento con il club. <em>&#8220;Con la societ\u00e0 c&#8217;\u00e8 totale sintonia. Poi com&#8217;\u00e8 normale che sia in un confronto, ci possono essere punti di vista diversi. E&#8217; importante che tutti si lavori per il bene del Milan, sono molto contento di essere tornato al Milan dopo 15 anni e aver iniziato un lavoro con un gruppo di ragazzi splendidi. La societ\u00e0 sta programmando e strutturando il futuro del Milan. Per fare questo bisogna ottenere il risultato pi\u00f9 importante. A marzo per ora stiamo abbastanza bene. Ora dobbiamo vedere se siamo bravi a rimanere l\u00ec o a fare l&#8217;ultimo scalino. C&#8217;\u00e8 sintonia tra me e la societ\u00e0&#8221;. <\/em><\/p>\n<p>Infine, uno sguardo pi\u00f9 ampio alla corsa in campionato e al quadro europeo, con un riferimento alle italiane:<em><strong> &#8220;Juve e Inter fuori da Champions adesso forzano in campionato? Questo lo dir\u00e0 solo la classifica.<\/strong> Innanzitutto \u00e8 un dispiacere che le italiane siano uscite dalla Champions. Speriamo che Atalanta, Bologna, Roma e Fiorentina vadano pi\u00f9 avanti possibile visto che ci danno la possibilit\u00e0 del quinto posto in Champions. Finch\u00e8 le squadre italiane vanno avanti \u00e8 un bene per il calcio italiano. Ora inizia un campionato da 12 partite con questa classifica. Abbiamo punti di vantaggio sulle inseguitrici&#8230; Il mantenimento non esiste quindi dobbiamo incrementarli. Il campionato lo vince sempre la migliore dell&#8217;annata. In questo momento l&#8217;Inter \u00e8 la migliore, ha dieci punti di vantaggio. Credo che per un club come il Milan sia molto importante giocare la Champions: arrivare a marzo dentro le competizioni \u00e8 un risultato molto importante. Quello \u00e8 il primo obiettivo che deve avere una grande squadra. Noi dobbiamo lavorare per far s\u00ec che l&#8217;anno prossimo a marzo siamo in questa situazione, ma non solo in campionato&#8221;.<\/em><\/p>\n<p>&#8211; Foto: Ipa Agency &#8211;<br \/>\n(ITALPRESS).<\/p><\/div>\n","protected":false},"excerpt":{"rendered":"<p>MILANO (ITALPRESS) &#8211; &#8220;Ora si decide la stagione, gli ultimi due mesi e mezzo&#8221;. Alla vigilia della sfida contro la Cremonese, in programma domani alle 12.30 allo stadio Giovanni Zini, il tecnico del Milan Massimiliano Allegri ha fatto il punto sulla situazione della squadra in conferenza stampa, sottolineando come occorra subito ripartire dopo il ko [&hellip;]<\/p>\n","protected":false},"author":18,"featured_media":262233,"comment_status":"closed","ping_status":"closed","sticky":false,"template":"","format":"standard","meta":{"ub_ctt_via":"","_mi_skip_tracking":false},"categories":[446],"tags":[783],"featured_image_src":"https:\/\/www.messinaoggi.it\/website\/wp-content\/uploads\/2026\/02\/20260228_1598.jpg","author_info":{"display_name":"Admin","author_link":"https:\/\/www.messinaoggi.it\/website\/author\/admin\/"},"digistream_id":0,"digistream":false,"_links":{"self":[{"href":"https:\/\/www.messinaoggi.it\/website\/wp-json\/wp\/v2\/posts\/262232"}],"collection":[{"href":"https:\/\/www.messinaoggi.it\/website\/wp-json\/wp\/v2\/posts"}],"about":[{"href":"https:\/\/www.messinaoggi.it\/website\/wp-json\/wp\/v2\/types\/post"}],"author":[{"embeddable":true,"href":"https:\/\/www.messinaoggi.it\/website\/wp-json\/wp\/v2\/users\/18"}],"replies":[{"embeddable":true,"href":"https:\/\/www.messinaoggi.it\/website\/wp-json\/wp\/v2\/comments?post=262232"}],"version-history":[{"count":0,"href":"https:\/\/www.messinaoggi.it\/website\/wp-json\/wp\/v2\/posts\/262232\/revisions"}],"wp:featuredmedia":[{"embeddable":true,"href":"https:\/\/www.messinaoggi.it\/website\/wp-json\/wp\/v2\/media\/262233"}],"wp:attachment":[{"href":"https:\/\/www.messinaoggi.it\/website\/wp-json\/wp\/v2\/media?parent=262232"}],"wp:term":[{"taxonomy":"category","embeddable":true,"href":"https:\/\/www.messinaoggi.it\/website\/wp-json\/wp\/v2\/categories?post=262232"},{"taxonomy":"post_tag","embeddable":true,"href":"https:\/\/www.messinaoggi.it\/website\/wp-json\/wp\/v2\/tags?post=262232"}],"curies":[{"name":"wp","href":"https:\/\/api.w.org\/{rel}","templated":true}]}}