{"id":262228,"date":"2026-02-28T17:08:20","date_gmt":"2026-02-28T16:08:20","guid":{"rendered":"https:\/\/www.messinaoggi.it\/website\/2026\/02\/28\/kalulu-bastoni-mai-sentito-ben-vengano-le-nuove-regole-per-il-var\/"},"modified":"2026-02-28T17:08:20","modified_gmt":"2026-02-28T16:08:20","slug":"kalulu-bastoni-mai-sentito-ben-vengano-le-nuove-regole-per-il-var","status":"publish","type":"post","link":"https:\/\/www.messinaoggi.it\/website\/2026\/02\/28\/kalulu-bastoni-mai-sentito-ben-vengano-le-nuove-regole-per-il-var\/","title":{"rendered":"Kalulu \u201cBastoni mai sentito, ben vengano le nuove regole per il Var\u201d"},"content":{"rendered":"<div>TORINO (ITALPRESS) &#8211; A seguito dell&#8217;uscita di scena dalla Champions e alla vigilia dell&#8217;importante sfida di campionato, in trasferta, contro la Roma, Pierre Kalulu ha parlato in conferenza stampa dall&#8217;Allianz Stadium. Il difensore francese ha parlato di tutto, dai &#8220;sentimenti contrastanti vissuti dopo la recente gara di Champions&#8221;, alla possibile conferma di Spalletti sulla panchina bianconera; dalle nuove regole per il Var decise dall&#8217;Ifab (&#8220;ben vengano&#8221;) all&#8217;episodio con Bastoni (&#8220;mai sentito&#8221;).<div id=\"div-gpt-ad-Messinaoggi.it-DSK-300x250-corpoart\" style=\"text-align:center;margin:0 auto;\"><\/div><\/p>\n<p>&#8220;Dopo la partita di Champions di mercoled\u00ec i sentimenti sono un p\u00f2 un mix. Da un lato siamo dispiaciuti per il risultato, dall&#8217;altro siamo orgogliosi per quanto fatto in campo. Abbiamo la consapevolezza che quella di domani \u00e8 una gara molto importante. Poi per\u00f2 ce ne saranno altre undici. Sappiamo che se facciamo il nostro possiamo ottenere un buon risultato&#8221;, ha spiegato Kalulu. <em>&#8220;Le parole di Comolli su Spalletti non posso commentarle. Posso dire che ci sentiamo tutti bene e che ci stiamo allenando al meglio&#8221;<\/em>, ha aggiunto il francese, sponsorizzando la conferma dell&#8217;ex ct azzurro alla guida della Juve&#8221;<div id=\"videoincontent\" style=\"clear:both\";><\/div><\/p>\n<p><em>&#8220;Tutte le regole che possono aiutare a migliorare il calcio sono le benvenute. Mi spiace esser stato il &#8216;protagonist\u00e0 di questo cambiamento. Bastoni non l&#8217;ho sentito dopo quanto successo nella gara con l&#8217;Inter&#8221;<\/em>, ha spiegato poi Kalulu, a proposito delle nuove regole per il Var decise oggi dall&#8217;Ifab, che entreranno in vigore dai prossimi Mondiali. Fra queste il possibile richiamo dell&#8217;arbitro al Var in caso di espulsioni derivanti da un secondo cartellino giallo chiaramente errato, ovvero esattamente come nel &#8220;caso&#8221; fra Bastoni e lo stesso difensore francese. <em>&#8220;Questo mese di febbraio \u00e8 stato intenso a livello mentale. Dobbiamo pensare per\u00f2 sempre al turno successivo e non ripensare a quello che \u00e8 stato, perch\u00e8 questo farebbe male. Dobbiamo essere pi\u00f9 efficaci in tutte le zone di campo. Pi\u00f9 o meno in questi ultimi due mesi abbiamo comandato le partite giocate, ma ci manca efficacia in particolare in fase di finalizzazione&#8221;<\/em>, ha detto ancora il terzino della Juventus, prima di chiudere parlando del match di domani che<em> &#8220;sar\u00e0 di certo difficile, intenso ma bello da vivere&#8221;.<\/em><\/p>\n<p>&#8211; foto Ipa Agency &#8211;<br \/>\n(ITALPRESS).<\/p><\/div>\n","protected":false},"excerpt":{"rendered":"<p>TORINO (ITALPRESS) &#8211; A seguito dell&#8217;uscita di scena dalla Champions e alla vigilia dell&#8217;importante sfida di campionato, in trasferta, contro la Roma, Pierre Kalulu ha parlato in conferenza stampa dall&#8217;Allianz Stadium. Il difensore francese ha parlato di tutto, dai &#8220;sentimenti contrastanti vissuti dopo la recente gara di Champions&#8221;, alla possibile conferma di Spalletti sulla panchina [&hellip;]<\/p>\n","protected":false},"author":18,"featured_media":262229,"comment_status":"closed","ping_status":"closed","sticky":false,"template":"","format":"standard","meta":{"ub_ctt_via":"","_mi_skip_tracking":false},"categories":[446],"tags":[783],"featured_image_src":"https:\/\/www.messinaoggi.it\/website\/wp-content\/uploads\/2026\/02\/20260228_1595.jpg","author_info":{"display_name":"Admin","author_link":"https:\/\/www.messinaoggi.it\/website\/author\/admin\/"},"digistream_id":0,"digistream":false,"_links":{"self":[{"href":"https:\/\/www.messinaoggi.it\/website\/wp-json\/wp\/v2\/posts\/262228"}],"collection":[{"href":"https:\/\/www.messinaoggi.it\/website\/wp-json\/wp\/v2\/posts"}],"about":[{"href":"https:\/\/www.messinaoggi.it\/website\/wp-json\/wp\/v2\/types\/post"}],"author":[{"embeddable":true,"href":"https:\/\/www.messinaoggi.it\/website\/wp-json\/wp\/v2\/users\/18"}],"replies":[{"embeddable":true,"href":"https:\/\/www.messinaoggi.it\/website\/wp-json\/wp\/v2\/comments?post=262228"}],"version-history":[{"count":0,"href":"https:\/\/www.messinaoggi.it\/website\/wp-json\/wp\/v2\/posts\/262228\/revisions"}],"wp:featuredmedia":[{"embeddable":true,"href":"https:\/\/www.messinaoggi.it\/website\/wp-json\/wp\/v2\/media\/262229"}],"wp:attachment":[{"href":"https:\/\/www.messinaoggi.it\/website\/wp-json\/wp\/v2\/media?parent=262228"}],"wp:term":[{"taxonomy":"category","embeddable":true,"href":"https:\/\/www.messinaoggi.it\/website\/wp-json\/wp\/v2\/categories?post=262228"},{"taxonomy":"post_tag","embeddable":true,"href":"https:\/\/www.messinaoggi.it\/website\/wp-json\/wp\/v2\/tags?post=262228"}],"curies":[{"name":"wp","href":"https:\/\/api.w.org\/{rel}","templated":true}]}}