{"id":262216,"date":"2026-02-28T15:08:16","date_gmt":"2026-02-28T14:08:16","guid":{"rendered":"https:\/\/www.messinaoggi.it\/website\/2026\/02\/28\/malattie-rare-asl-roma-1-lancia-due-nuove-iniziative-di-prossimita-con-uniamo\/"},"modified":"2026-02-28T15:08:16","modified_gmt":"2026-02-28T14:08:16","slug":"malattie-rare-asl-roma-1-lancia-due-nuove-iniziative-di-prossimita-con-uniamo","status":"publish","type":"post","link":"https:\/\/www.messinaoggi.it\/website\/2026\/02\/28\/malattie-rare-asl-roma-1-lancia-due-nuove-iniziative-di-prossimita-con-uniamo\/","title":{"rendered":"Malattie Rare, ASL Roma 1 lancia due nuove iniziative di prossimit\u00e0 con UNIAMO"},"content":{"rendered":"<div>ROMA (ITALPRESS) &#8211; In occasione della Giornata Mondiale delle Malattie Rare, la ASL Roma 1 rinnova il suo impegno verso la prossimit\u00e0 e l&#8217;integrazione socio-sanitaria. Presso il Salone del Commendatore di Borgo Santo Spirito, l&#8217;Azienda ha presentato il nuovo Portale Malattie Rare, un ecosistema digitale progettato per supportare Medici di Medicina Generale (MMG), Pediatri di Libera Scelta (PLS) e professionisti sanitari nella gestione dei percorsi assistenziali. Il Portale permette di censire le patologie rare seguite presso la ASL Roma 1, offrendo uno strumento di orientamento rapido, per facilitare l&#8217;invio dei pazienti verso le strutture specialistiche pi\u00f9 idonee.<br \/>Giuseppe Quintavalle, Direttore Generale della ASL, ha aperto i lavori sottolineando il cambio di paradigma: &#8220;Oggi presentiamo una nuova cultura della cura, dove la malattia rara viene gestita in una logica di rete. E&#8217; il sistema stesso a muoversi intorno al paziente. Le Case della Comunit\u00e0 diventano il simbolo di una sanit\u00e0 che accoglie e protegge. Ringrazio la Regione Lazio e tutte le Associazioni: da oggi parte il nostro &#8216;treno virtual\u00e8 della medicina di prossimit\u00e0 per abbattere le barriere dell&#8217;isolamento&#8221;.<br \/>Il Presidente del Consiglio Regionale del Lazio, Antonello Aurigemma, presente all&#8217;iniziativa ha sottolineato: &#8220;Si tratta di un portale che serve soprattutto per togliere dall&#8217;isolamento i malati rari, che vivono una doppia problematica dovuta da una parte alla rarit\u00e0 della propria patologia dall&#8217;altra ad una frammentazione del sistema sanitario. Oggi inauguriamo una piattaforma che consente di ridurre il solco che divide i grandi centri di eccellenza dalla medicina del territorio. Per noi \u00e8 importante la presa in carico del paziente, che va supportato in tutte le iniziative che deve intraprendere nel suo percorso di cura. Deve essere una presa in carico totale e continua, che possa consentire di ridurre le distanze tra il servizio sanitario regionale e i cittadini&#8221;.<br \/>L&#8217;evento, moderato da Giovanna Carluccio (Staff Direzione Generale), ha visto un fitto confronto tra clinici e rappresentanti dei pazienti. <br \/>&#8220;La giornata di oggi rappresenta un esempio perfetto di come il nostro servizio sanitario nazionale pu\u00f2 agire in ambito territoriale per avvicinarsi sempre di pi\u00f9 a cittadini e cittadine &#8211; ha detto Fabrizio Farnetani (UNIAMO Rare Diseases Italy) -. Da un lato, grazie all&#8217;ascolto diretto, momenti come questo aumentano la consapevolezza nei professionisti sanitari rispetto ai molteplici bisogni delle persone con malattia rara, offrendo dunque spunti per immaginare percorsi e soluzioni innovative e sempre pi\u00f9 personalizzate. Dall&#8217;altro sono estremamente preziosi anche per i pazienti stessi, che possono conoscere direttamente chi sono i loro punti di riferimento in ambito sanitario sul territorio. Ringrazio dunque l&#8217;ASL Roma 1, con il Dott. Quintavalle e tutti i professionisti che si sono messi a disposizione per rendere possibile questa giornata&#8221;.<br \/>Maria Pia Sozio (Presidente As.Ma.Ra Onlus) ha concluso cos\u00ec: &#8220;Il nostro \u00e8 un lavoro quotidiano fatto di passione per sostenere chi \u00e8 colpito da patologie croniche e rare, con un&#8217;attenzione speciale ai bambini. Ringrazio il dottor Quintavalle per aver coinvolto attivamente le associazioni, per il grande lavoro che sta facendo nel territorio della ASL Roma 1 e per l&#8217;attenzione che sta dando alle malattie rare coinvolgendo le associazioni e la Federazione Uniamo alla quale l&#8217;associazione che rappresento \u00e8 affiliata fin dalla sua costituzione ed esattamente dal 2009: siamo a disposizione delle Istituzioni per migliorare costantemente l&#8217;assistenza&#8221;.<br \/>Al dibattito hanno partecipato numerosi esperti dell&#8217;Azienda, tra cui: Elisa Gullino, Direttore Distretto 1; Giuseppe Guarnieri, Dir. UOC Sistemi e Tecnologie Informatiche e di Comunicazione, Francesco Corasaniti, Dir. UOSD Pronto Soccorso Oftalmico;  Francesca Romana Florio, Dir. UOSD Retina Medica; Bruno Kropp, specialista microftalmo e anoftalmo; Chiara Lanzillo, Referente Cardiologia Malattie Rare; Maria Elena Pennisi, Resp.le Ambulatorio per le Malattie Rare San Filippo Neri e Maria Concetta Altavista, Dir. UOC Neurologia.<br \/>Parallelamente al convegno, presso la Casa della Comunit\u00e0 EROI si sono tenute iniziative concrete di screening nell&#8217;ambito del programma &#8220;Un treno di salute&#8221;, per i pazienti \u00e8 stato possibile effettuare lo screening per il cheratocono e altre malattie rare della cornea, a cura di Cosimo Simeone, e i colloqui per l&#8217;identificazione di patologie neurologiche rare, a cura di Marta Piccioli e Francesca Cortese.<div id=\"div-gpt-ad-Messinaoggi.it-DSK-300x250-corpoart\" style=\"text-align:center;margin:0 auto;\"><\/div><\/p>\n<p>&#8211; foto ufficio stampa Asl Roma 1 &#8211;<br \/>(ITALPRESS).<\/div>\n<div id=\"videoincontent\" style=\"clear:both\";><\/div>","protected":false},"excerpt":{"rendered":"<p>ROMA (ITALPRESS) &#8211; In occasione della Giornata Mondiale delle Malattie Rare, la ASL Roma 1 rinnova il suo impegno verso la prossimit\u00e0 e l&#8217;integrazione socio-sanitaria. Presso il Salone del Commendatore di Borgo Santo Spirito, l&#8217;Azienda ha presentato il nuovo Portale Malattie Rare, un ecosistema digitale progettato per supportare Medici di Medicina Generale (MMG), Pediatri di [&hellip;]<\/p>\n","protected":false},"author":18,"featured_media":262217,"comment_status":"closed","ping_status":"closed","sticky":false,"template":"","format":"standard","meta":{"ub_ctt_via":"","_mi_skip_tracking":false},"categories":[446],"tags":[783],"featured_image_src":"https:\/\/www.messinaoggi.it\/website\/wp-content\/uploads\/2026\/02\/20260228_0953.jpg","author_info":{"display_name":"Admin","author_link":"https:\/\/www.messinaoggi.it\/website\/author\/admin\/"},"digistream_id":0,"digistream":false,"_links":{"self":[{"href":"https:\/\/www.messinaoggi.it\/website\/wp-json\/wp\/v2\/posts\/262216"}],"collection":[{"href":"https:\/\/www.messinaoggi.it\/website\/wp-json\/wp\/v2\/posts"}],"about":[{"href":"https:\/\/www.messinaoggi.it\/website\/wp-json\/wp\/v2\/types\/post"}],"author":[{"embeddable":true,"href":"https:\/\/www.messinaoggi.it\/website\/wp-json\/wp\/v2\/users\/18"}],"replies":[{"embeddable":true,"href":"https:\/\/www.messinaoggi.it\/website\/wp-json\/wp\/v2\/comments?post=262216"}],"version-history":[{"count":0,"href":"https:\/\/www.messinaoggi.it\/website\/wp-json\/wp\/v2\/posts\/262216\/revisions"}],"wp:featuredmedia":[{"embeddable":true,"href":"https:\/\/www.messinaoggi.it\/website\/wp-json\/wp\/v2\/media\/262217"}],"wp:attachment":[{"href":"https:\/\/www.messinaoggi.it\/website\/wp-json\/wp\/v2\/media?parent=262216"}],"wp:term":[{"taxonomy":"category","embeddable":true,"href":"https:\/\/www.messinaoggi.it\/website\/wp-json\/wp\/v2\/categories?post=262216"},{"taxonomy":"post_tag","embeddable":true,"href":"https:\/\/www.messinaoggi.it\/website\/wp-json\/wp\/v2\/tags?post=262216"}],"curies":[{"name":"wp","href":"https:\/\/api.w.org\/{rel}","templated":true}]}}