{"id":262097,"date":"2026-02-26T21:08:15","date_gmt":"2026-02-26T20:08:15","guid":{"rendered":"https:\/\/www.messinaoggi.it\/website\/2026\/02\/26\/legge-elettorale-centrodestra-deposita-testo-stabilita-e-rappresentanza\/"},"modified":"2026-02-26T21:08:15","modified_gmt":"2026-02-26T20:08:15","slug":"legge-elettorale-centrodestra-deposita-testo-stabilita-e-rappresentanza","status":"publish","type":"post","link":"https:\/\/www.messinaoggi.it\/website\/2026\/02\/26\/legge-elettorale-centrodestra-deposita-testo-stabilita-e-rappresentanza\/","title":{"rendered":"Legge elettorale, centrodestra deposita testo \u201cStabilit\u00e0 e rappresentanza\u201d"},"content":{"rendered":"<div>ROMA (ITALPRESS) &#8211; E&#8217; stata depositata oggi a firma dei capigruppo di maggioranza alla Camera e al Senato una proposta di alcune modifiche all&#8217;attuale legge elettorale.<br \/>&#8220;La proposta di stampo proporzionale, partendo dall&#8217;attuale Rosatellum, in ossequio ai dettami delle sentenze 1 del 2014 e la 35 del 2017 della Corte Costituzionale &#8211; spiega una nota del centrodestra -, prevede un premio di governabilit\u00e0 che possa agevolare sia la stabilit\u00e0 che la rappresentativit\u00e0. Il premio di settanta deputati e trentacinque senatori, con nomi presentati sulla scheda nello spazio riservato alla coalizione, \u00e8 suddiviso su base circoscrizionale alla Camera e regionale al Senato. Tale premio viene interamente attribuito solo se la coalizione arrivata prima supera il quaranta per cento dei consensi. Nel caso in cui non ci sia il raggiungimento di tale soglia, si attiver\u00e0 una distribuzione proporzionale. Nel caso invece in cui entrambe le coalizioni arrivate prima e seconda siano tra il trentacinque e il quaranta percento la proposta di legge depositata prevede il ballottaggio&#8221;.<br \/>&#8220;A tutela delle opposizioni, in nessun caso la maggioranza potr\u00e0 superare il sessanta per cento degli eletti. Ciascuna coalizione, inoltre, dovr\u00e0 depositare unitamente al programma anche un unico nome da proporre al Presidente della Repubblica come incaricato alla Presidenza del Consiglio &#8211; prosegue il centrodestra -. Nessuna variazione \u00e8 prevista per le dimensioni delle attuali circoscrizioni e degli attuali collegi plurinominali e proporzionali, nessuna variazione \u00e8 prevista nemmeno per l&#8217;attuale soglia di accesso del tre per cento&#8221;.<br \/>&#8220;Siamo disponibili a un confronto con tutte le forze politiche per proposte migliorative che abbiano la condivisa finalit\u00e0 di garantire la rappresentativit\u00e0 della volont\u00e0 dell&#8217;elettore e la possibilit\u00e0 di dare maggioranze stabili a chiunque vinca le elezioni&#8221;, commentano i presentatori della legge.<div id=\"div-gpt-ad-Messinaoggi.it-DSK-300x250-corpoart\" style=\"text-align:center;margin:0 auto;\"><\/div><\/p>\n<p>&#8211; Foto IPA Agency &#8211;<div id=\"videoincontent\" style=\"clear:both\";><\/div><\/p>\n<p>(ITALPRESS).<\/p><\/div>\n","protected":false},"excerpt":{"rendered":"<p>ROMA (ITALPRESS) &#8211; E&#8217; stata depositata oggi a firma dei capigruppo di maggioranza alla Camera e al Senato una proposta di alcune modifiche all&#8217;attuale legge elettorale.&#8220;La proposta di stampo proporzionale, partendo dall&#8217;attuale Rosatellum, in ossequio ai dettami delle sentenze 1 del 2014 e la 35 del 2017 della Corte Costituzionale &#8211; spiega una nota del [&hellip;]<\/p>\n","protected":false},"author":18,"featured_media":262098,"comment_status":"closed","ping_status":"closed","sticky":false,"template":"","format":"standard","meta":{"ub_ctt_via":"","_mi_skip_tracking":false},"categories":[446],"tags":[783],"featured_image_src":"https:\/\/www.messinaoggi.it\/website\/wp-content\/uploads\/2026\/02\/20260226_2800.jpg","author_info":{"display_name":"Admin","author_link":"https:\/\/www.messinaoggi.it\/website\/author\/admin\/"},"digistream_id":0,"digistream":false,"_links":{"self":[{"href":"https:\/\/www.messinaoggi.it\/website\/wp-json\/wp\/v2\/posts\/262097"}],"collection":[{"href":"https:\/\/www.messinaoggi.it\/website\/wp-json\/wp\/v2\/posts"}],"about":[{"href":"https:\/\/www.messinaoggi.it\/website\/wp-json\/wp\/v2\/types\/post"}],"author":[{"embeddable":true,"href":"https:\/\/www.messinaoggi.it\/website\/wp-json\/wp\/v2\/users\/18"}],"replies":[{"embeddable":true,"href":"https:\/\/www.messinaoggi.it\/website\/wp-json\/wp\/v2\/comments?post=262097"}],"version-history":[{"count":0,"href":"https:\/\/www.messinaoggi.it\/website\/wp-json\/wp\/v2\/posts\/262097\/revisions"}],"wp:featuredmedia":[{"embeddable":true,"href":"https:\/\/www.messinaoggi.it\/website\/wp-json\/wp\/v2\/media\/262098"}],"wp:attachment":[{"href":"https:\/\/www.messinaoggi.it\/website\/wp-json\/wp\/v2\/media?parent=262097"}],"wp:term":[{"taxonomy":"category","embeddable":true,"href":"https:\/\/www.messinaoggi.it\/website\/wp-json\/wp\/v2\/categories?post=262097"},{"taxonomy":"post_tag","embeddable":true,"href":"https:\/\/www.messinaoggi.it\/website\/wp-json\/wp\/v2\/tags?post=262097"}],"curies":[{"name":"wp","href":"https:\/\/api.w.org\/{rel}","templated":true}]}}