{"id":262079,"date":"2026-02-26T15:08:22","date_gmt":"2026-02-26T14:08:22","guid":{"rendered":"https:\/\/www.messinaoggi.it\/website\/2026\/02\/26\/meloni-export-e-made-in-italy-punti-di-forza-governo-lavora-per-valorizzarli\/"},"modified":"2026-02-26T15:08:22","modified_gmt":"2026-02-26T14:08:22","slug":"meloni-export-e-made-in-italy-punti-di-forza-governo-lavora-per-valorizzarli","status":"publish","type":"post","link":"https:\/\/www.messinaoggi.it\/website\/2026\/02\/26\/meloni-export-e-made-in-italy-punti-di-forza-governo-lavora-per-valorizzarli\/","title":{"rendered":"Meloni \u201cExport e Made in Italy punti di forza, governo lavora per valorizzarli\u201d"},"content":{"rendered":"<div>ROMA (ITALPRESS) &#8211; &#8220;Fin dal suo insediamento, il governo si \u00e8 schierato al fianco delle aziende, degli imprenditori e dei professionisti e ha lavorato per creare le condizioni migliori affinch\u00e8 possano crescere e competere con successo nei mercati internazionali. Allo stesso modo l&#8217;esecutivo si \u00e8 impegnato per garantire continuit\u00e0 per l&#8217;attuazione delle politiche pubbliche, valorizzare il made in Italy, rafforzare le filiere strategiche, sostenere l&#8217;innovazione e assicurare quelle condizioni di stabilit\u00e0 e certezza che gli investitori internazionali guardano con grande attenzione&#8221;. Cos\u00ec il presidente del Consiglio, Giorgia Meloni, in un messaggio inviato alla terza edizione dell&#8217;Italian Investment Council 2026 by Remind a Roma. &#8220;L&#8217;Italia \u00e8 tornata ad essere un mercato attrattivo per gli investimenti esteri, ha un&#8217;economia solida. L&#8217;export \u00e8 uno dei nostri asset, il Made in Italy \u00e8 apprezzato e amato in tutto il mondo: questi sono i nostri principali punti di forza e il governo sta lavorando per valorizzarli e per favorire chi vuole fare impresa in Italia&#8221;, sottolinea. &#8220;Allo stesso tempo siamo consapevoli che gli investimenti non possono essere valutati soltanto per il loro valore economico, devono tradursi in crescita reale e duratura, maggiore sicurezza, opportunit\u00e0 concreta per territori, lavoro stabile e nuove prospettive per le giovani generazioni. In altre parole devono contribuire a rafforzare il tessuto produttivo, rigenerare le comunit\u00e0 pi\u00f9 fragili e migliorare in modo tangibile le condizioni di vita di famiglie e imprese&#8221;, ricorda. &#8220;Il nostro obiettivo rimane sempre lo stesso: costruire una nazione pi\u00f9 forte, giusta e autorevole. E&#8217; un traguardo che possiamo raggiungere solo se lavoriamo insieme, liberando e valorizzando le milioni di energie che il sistema Italia \u00e8 in grado di offrire&#8221;, conclude. <br \/>(ITALPRESS).<br \/>-Foto: Palazzo Chigi-<\/div>\n<div id=\"div-gpt-ad-Messinaoggi.it-DSK-300x250-corpoart\" style=\"text-align:center;margin:0 auto;\"><\/div><\/p><div id=\"videoincontent\" style=\"clear:both\";><\/div>","protected":false},"excerpt":{"rendered":"<p>ROMA (ITALPRESS) &#8211; &#8220;Fin dal suo insediamento, il governo si \u00e8 schierato al fianco delle aziende, degli imprenditori e dei professionisti e ha lavorato per creare le condizioni migliori affinch\u00e8 possano crescere e competere con successo nei mercati internazionali. Allo stesso modo l&#8217;esecutivo si \u00e8 impegnato per garantire continuit\u00e0 per l&#8217;attuazione delle politiche pubbliche, valorizzare [&hellip;]<\/p>\n","protected":false},"author":18,"featured_media":262080,"comment_status":"closed","ping_status":"closed","sticky":false,"template":"","format":"standard","meta":{"ub_ctt_via":"","_mi_skip_tracking":false},"categories":[446],"tags":[783],"featured_image_src":"https:\/\/www.messinaoggi.it\/website\/wp-content\/uploads\/2026\/02\/20260226_1029.jpg","author_info":{"display_name":"Admin","author_link":"https:\/\/www.messinaoggi.it\/website\/author\/admin\/"},"digistream_id":0,"digistream":false,"_links":{"self":[{"href":"https:\/\/www.messinaoggi.it\/website\/wp-json\/wp\/v2\/posts\/262079"}],"collection":[{"href":"https:\/\/www.messinaoggi.it\/website\/wp-json\/wp\/v2\/posts"}],"about":[{"href":"https:\/\/www.messinaoggi.it\/website\/wp-json\/wp\/v2\/types\/post"}],"author":[{"embeddable":true,"href":"https:\/\/www.messinaoggi.it\/website\/wp-json\/wp\/v2\/users\/18"}],"replies":[{"embeddable":true,"href":"https:\/\/www.messinaoggi.it\/website\/wp-json\/wp\/v2\/comments?post=262079"}],"version-history":[{"count":0,"href":"https:\/\/www.messinaoggi.it\/website\/wp-json\/wp\/v2\/posts\/262079\/revisions"}],"wp:featuredmedia":[{"embeddable":true,"href":"https:\/\/www.messinaoggi.it\/website\/wp-json\/wp\/v2\/media\/262080"}],"wp:attachment":[{"href":"https:\/\/www.messinaoggi.it\/website\/wp-json\/wp\/v2\/media?parent=262079"}],"wp:term":[{"taxonomy":"category","embeddable":true,"href":"https:\/\/www.messinaoggi.it\/website\/wp-json\/wp\/v2\/categories?post=262079"},{"taxonomy":"post_tag","embeddable":true,"href":"https:\/\/www.messinaoggi.it\/website\/wp-json\/wp\/v2\/tags?post=262079"}],"curies":[{"name":"wp","href":"https:\/\/api.w.org\/{rel}","templated":true}]}}