{"id":262036,"date":"2026-02-25T21:08:25","date_gmt":"2026-02-25T20:08:25","guid":{"rendered":"https:\/\/www.messinaoggi.it\/website\/2026\/02\/25\/lilt-guarda-avanti-innovazione-e-radicamento-territoriale-per-la-lotta-ai-tumori\/"},"modified":"2026-02-25T21:08:25","modified_gmt":"2026-02-25T20:08:25","slug":"lilt-guarda-avanti-innovazione-e-radicamento-territoriale-per-la-lotta-ai-tumori","status":"publish","type":"post","link":"https:\/\/www.messinaoggi.it\/website\/2026\/02\/25\/lilt-guarda-avanti-innovazione-e-radicamento-territoriale-per-la-lotta-ai-tumori\/","title":{"rendered":"LILT guarda avanti, innovazione e radicamento territoriale per la lotta ai tumori"},"content":{"rendered":"<div>ROMA (ITALPRESS) &#8211; Si sono concluse a Roma le due intense giornate che la LILT (Lega Italiana per la Lotta contro i Tumori) ha consacrato alla genesi di una nuova fase strategica operativa per l&#8217;Ente. La celebrazione del suo 104\u00b0 Anniversario \u00e8 stata l&#8217;occasione per l&#8217;Assemblea generale dei Presidenti delle 105 Associazioni Provinciali, dei 20 Coordinamenti Regionali, dei Quadri Direttivi Massimali, dei Comitati Consultivi e Task Force LILT.<br \/>L&#8217;incontro si \u00e8 aperto con la manifestazione di vicinanza sia del Presidente del Consiglio Giorgia Meloni, che del Ministro della Salute Orazio Schillaci, a testimonianza del pieno sostegno che le Istituzioni offrono all&#8217;Ente. &#8220;Questo Governo considera la prevenzione una leva strategica e un investimento sul futuro, oltre che una responsabilit\u00e0 collettiva &#8211; ha dichiarato la Presidente del Consiglio nel suo messaggio di saluto. &#8220;Il nostro obiettivo \u00e8 costruire un sistema sanitario che sappia essere sempre pi\u00f9 proattivo e in grado, dove possibile, di scongiurare l&#8217;insorgenza di una patologia, invece che rincorrerla&#8221;.<br \/>Il Ministro della Salute Orazio Schillaci, nel suo intervento, ha ricordato come l&#8217;Ente sia un presidio fondamentale su tutto il territorio nazionale: &#8220;La LILT \u00e8 il nostro braccio operativo nella lotta al cancro con oltre 100 Associazioni Provinciali e Metropolitane, 20 Coordinamenti regionali e circa 400 Ambulatori.<br \/>Garantisce un impegno attivo su tutti i fronti della prevenzione, per questo ringrazio tutti i volontari per la loro passione e dedizione&#8221;.<br \/>Dopo l&#8217;apertura dei lavori da parte del Presidente Nazionale della LILT Francesco Schittulli, i componenti di Comitati e Task Force si sono riuniti in nove tavoli di lavoro.<br \/>Sono state presentate le proposte operative elaborate dai Comitati Consultivi e dalle Task Force che, forti della trasversalit\u00e0 geografica e professionale dei loro componenti, hanno definito le linee guida che orienteranno la lotta contro i tumori nel prossimo biennio. Un piano d&#8217;azione che punta su digitalizzazione, presenza sul territorio ed internazionalizzazione.<br \/>&#8220;Abbiamo tracciato la rotta per la LILT del futuro&#8221;, ha dichiarato il Presidente Nazionale, Francesco Schittulli. &#8220;Queste giornate di intenso proficuo lavoro non sono state solo un momento celebrativo, ma un vero e proprio cantiere di idee progettuali. Grazie al contributo sinergico di tutti i professionisti presenti, oggi l&#8217;Ente \u00e8 pi\u00f9 coeso, moderno e pronto a rispondere con efficacia alle sfide della Sanit\u00e0 contemporanea e del Benessere Salute. Dalle caserme dell&#8217;Esercito ai laboratori di telemedicina, la LILT di domani \u00e8 gi\u00e0 in cammino per rendere il cancro una malattia sempre pi\u00f9 prevenibile e guaribile&#8221;. Hanno partecipato ai tavoli di lavoro il Comitato Scientifico Nazionale, il Comitato Etico, il Comitato Giovanile, il Comitato Attivit\u00e0 Promozionale e Relazionale, la Consulta femminile e tutte le Task Force: Progettualit\u00e0 Corsi ECM, Trasparenza e Legalit\u00e0, Sport e Salute, Psiconcologia, Rapporti internazionali, Patologie del Seno, Benessere e Nutrizione, Patologie d&#8217;organo e\/o apparati, Umanizzazione e riorganizzazione socio-sanitaria, Fertilit\u00e0 post trattamenti oncologici, Tumori Cutanei, Patologie Oncologiche degli Anziani, Tumori Rari, e Tumori Prostata e del Polmone.<br \/>L&#8217;Assemblea si \u00e8 chiusa con un messaggio di fiducia: il connubio tra l&#8217;esperienza di una storia centenaria e l&#8217;energia dei nuovi quadri dirigenziali rappresenta il pilastro portante per una lotta ai tumori sempre pi\u00f9 incisiva, vincente e vicina al cittadino.<br \/>-foto mec\/Italpress &#8211;<br \/>(ITALPRESS).<\/div>\n<div id=\"div-gpt-ad-Messinaoggi.it-DSK-300x250-corpoart\" style=\"text-align:center;margin:0 auto;\"><\/div><\/p><div id=\"videoincontent\" style=\"clear:both\";><\/div>","protected":false},"excerpt":{"rendered":"<p>ROMA (ITALPRESS) &#8211; Si sono concluse a Roma le due intense giornate che la LILT (Lega Italiana per la Lotta contro i Tumori) ha consacrato alla genesi di una nuova fase strategica operativa per l&#8217;Ente. La celebrazione del suo 104\u00b0 Anniversario \u00e8 stata l&#8217;occasione per l&#8217;Assemblea generale dei Presidenti delle 105 Associazioni Provinciali, dei 20 [&hellip;]<\/p>\n","protected":false},"author":18,"featured_media":262037,"comment_status":"closed","ping_status":"closed","sticky":false,"template":"","format":"standard","meta":{"ub_ctt_via":"","_mi_skip_tracking":false},"categories":[446],"tags":[783],"featured_image_src":"https:\/\/www.messinaoggi.it\/website\/wp-content\/uploads\/2026\/02\/20260225_3229.jpg","author_info":{"display_name":"Admin","author_link":"https:\/\/www.messinaoggi.it\/website\/author\/admin\/"},"digistream_id":0,"digistream":false,"_links":{"self":[{"href":"https:\/\/www.messinaoggi.it\/website\/wp-json\/wp\/v2\/posts\/262036"}],"collection":[{"href":"https:\/\/www.messinaoggi.it\/website\/wp-json\/wp\/v2\/posts"}],"about":[{"href":"https:\/\/www.messinaoggi.it\/website\/wp-json\/wp\/v2\/types\/post"}],"author":[{"embeddable":true,"href":"https:\/\/www.messinaoggi.it\/website\/wp-json\/wp\/v2\/users\/18"}],"replies":[{"embeddable":true,"href":"https:\/\/www.messinaoggi.it\/website\/wp-json\/wp\/v2\/comments?post=262036"}],"version-history":[{"count":0,"href":"https:\/\/www.messinaoggi.it\/website\/wp-json\/wp\/v2\/posts\/262036\/revisions"}],"wp:featuredmedia":[{"embeddable":true,"href":"https:\/\/www.messinaoggi.it\/website\/wp-json\/wp\/v2\/media\/262037"}],"wp:attachment":[{"href":"https:\/\/www.messinaoggi.it\/website\/wp-json\/wp\/v2\/media?parent=262036"}],"wp:term":[{"taxonomy":"category","embeddable":true,"href":"https:\/\/www.messinaoggi.it\/website\/wp-json\/wp\/v2\/categories?post=262036"},{"taxonomy":"post_tag","embeddable":true,"href":"https:\/\/www.messinaoggi.it\/website\/wp-json\/wp\/v2\/tags?post=262036"}],"curies":[{"name":"wp","href":"https:\/\/api.w.org\/{rel}","templated":true}]}}