{"id":262020,"date":"2026-02-25T19:08:17","date_gmt":"2026-02-25T18:08:17","guid":{"rendered":"https:\/\/www.messinaoggi.it\/website\/2026\/02\/25\/casa-salvini-nostro-obiettivo-piu-alloggi-e-disponibilita\/"},"modified":"2026-02-25T19:08:17","modified_gmt":"2026-02-25T18:08:17","slug":"casa-salvini-nostro-obiettivo-piu-alloggi-e-disponibilita","status":"publish","type":"post","link":"https:\/\/www.messinaoggi.it\/website\/2026\/02\/25\/casa-salvini-nostro-obiettivo-piu-alloggi-e-disponibilita\/","title":{"rendered":"Casa, Salvini \u201cNostro obiettivo pi\u00f9 alloggi e disponibilit\u00e0\u201d"},"content":{"rendered":"<div>ROMA (ITALPRESS) &#8211; <em><strong>&#8220;Il nostro obiettivo \u00e8 pi\u00f9 alloggi, pi\u00f9 disponibilit\u00e0, pi\u00f9 risposte concrete per chi ne ha bisogno.<\/strong> La fascia su cui ci stiamo particolarmente concentrando \u00e8 la cosiddetta fascia grigia, quelle centinaia di migliaia di persone, famiglie, giovani, professionisti, insegnanti, infermieri, poliziotti che non sono abbastanza indigenti per essere in graduatoria per le case popolari. Poi basta guardare chi c&#8217;\u00e8 nelle assegnazioni delle case popolari per capire che il criterio degli anni di residenza non \u00e8 un capriccio della Lega, ma significa dare la priorit\u00e0 a chi vive qua da pi\u00f9 tempo e paga le tasse, ma non \u00e8 abbastanza benestante ad esempio per accedere all&#8217;acquisto o all&#8217;affitto in una citt\u00e0 come Milano&#8221;.<\/em> Cos\u00ec il ministro dei Trasporti e Infrastrutture, Matteo Salvini, rispondendo al question time alla Camera.<div id=\"div-gpt-ad-Messinaoggi.it-DSK-300x250-corpoart\" style=\"text-align:center;margin:0 auto;\"><\/div><\/p>\n<p><em>&#8220;L&#8217;obiettivo \u00e8 mettere a terra, in tempi brevissimi, quindi vuol dire aprire i cantieri gi\u00e0 in questo 2026, 1,2 miliardi per recuperare circa 60 mila alloggi, attualmente inutilizzabili per carenze manutentive, restituendoli rapidamente alle famiglie che sono in lista d&#8217;attesa per l&#8217;assegnazione di una casa popolare&#8221;,<\/em> ha aggiunto.<div id=\"videoincontent\" style=\"clear:both\";><\/div><\/p>\n<p>-Foto: Ipa Agency-<br \/>\n(ITALPRESS).<\/p><\/div>\n","protected":false},"excerpt":{"rendered":"<p>ROMA (ITALPRESS) &#8211; &#8220;Il nostro obiettivo \u00e8 pi\u00f9 alloggi, pi\u00f9 disponibilit\u00e0, pi\u00f9 risposte concrete per chi ne ha bisogno. La fascia su cui ci stiamo particolarmente concentrando \u00e8 la cosiddetta fascia grigia, quelle centinaia di migliaia di persone, famiglie, giovani, professionisti, insegnanti, infermieri, poliziotti che non sono abbastanza indigenti per essere in graduatoria per le [&hellip;]<\/p>\n","protected":false},"author":18,"featured_media":262021,"comment_status":"closed","ping_status":"closed","sticky":false,"template":"","format":"standard","meta":{"ub_ctt_via":"","_mi_skip_tracking":false},"categories":[446],"tags":[783],"featured_image_src":"https:\/\/www.messinaoggi.it\/website\/wp-content\/uploads\/2026\/02\/20260225_2845.jpg","author_info":{"display_name":"Admin","author_link":"https:\/\/www.messinaoggi.it\/website\/author\/admin\/"},"digistream_id":0,"digistream":false,"_links":{"self":[{"href":"https:\/\/www.messinaoggi.it\/website\/wp-json\/wp\/v2\/posts\/262020"}],"collection":[{"href":"https:\/\/www.messinaoggi.it\/website\/wp-json\/wp\/v2\/posts"}],"about":[{"href":"https:\/\/www.messinaoggi.it\/website\/wp-json\/wp\/v2\/types\/post"}],"author":[{"embeddable":true,"href":"https:\/\/www.messinaoggi.it\/website\/wp-json\/wp\/v2\/users\/18"}],"replies":[{"embeddable":true,"href":"https:\/\/www.messinaoggi.it\/website\/wp-json\/wp\/v2\/comments?post=262020"}],"version-history":[{"count":0,"href":"https:\/\/www.messinaoggi.it\/website\/wp-json\/wp\/v2\/posts\/262020\/revisions"}],"wp:featuredmedia":[{"embeddable":true,"href":"https:\/\/www.messinaoggi.it\/website\/wp-json\/wp\/v2\/media\/262021"}],"wp:attachment":[{"href":"https:\/\/www.messinaoggi.it\/website\/wp-json\/wp\/v2\/media?parent=262020"}],"wp:term":[{"taxonomy":"category","embeddable":true,"href":"https:\/\/www.messinaoggi.it\/website\/wp-json\/wp\/v2\/categories?post=262020"},{"taxonomy":"post_tag","embeddable":true,"href":"https:\/\/www.messinaoggi.it\/website\/wp-json\/wp\/v2\/tags?post=262020"}],"curies":[{"name":"wp","href":"https:\/\/api.w.org\/{rel}","templated":true}]}}