{"id":26201,"date":"2018-10-31T12:13:06","date_gmt":"2018-10-31T11:13:06","guid":{"rendered":"http:\/\/www.messinaoggi.it\/website\/?p=26201"},"modified":"2018-10-31T12:13:06","modified_gmt":"2018-10-31T11:13:06","slug":"oltre-mille-persone-vs-difettoso-salva-messina-cgil-e-uil-che-sara-societa-3-settore-de-luca-si-riservi-pagliacciate-disposti-a-concertare-pure-subito","status":"publish","type":"post","link":"https:\/\/www.messinaoggi.it\/website\/2018\/10\/31\/oltre-mille-persone-vs-difettoso-salva-messina-cgil-e-uil-che-sara-societa-3-settore-de-luca-si-riservi-pagliacciate-disposti-a-concertare-pure-subito\/","title":{"rendered":"Oltre mille persone vs &quot;difettoso Salva-Messina&quot;, Cgil e Uil: &quot;Che sar\u00e0 societ\u00e0 3\u00b0 Settore? De Luca si riservi pagliacciate. Disposti a concertare pure subito&quot;"},"content":{"rendered":"<p style=\"text-align: justify\">&#8220;Non ci ha dato l&#8217;opportunit\u00e0 di concertare immediatamente dopo la manifestazione di oggi. Gli avevamo chiesto solo un rinvio e lui ha agito sempre secondo il suo raziocinio senza considerare che rappresentiamo una vasta percentuale di lavoratori. Non vogliamo perdere alcun posto di lavoro, questo \u00e8 quello che ci preme. Anche questa Agenzia per i Servizi Sociali non ci convince se non verranno garantiti tutti i posti di lavoro. \u00a0Come funzioner\u00e0 nella pratica. Non \u00e8 dato ancora sapere&#8221;. Cos\u00ec Ivan Tripodi segretario generale della Uil di Messina che insieme al suo omologo della Cgil Giovanni Mastroeni e alla Camera del lavoro al completo ha protestato contro le soluzioni prospetrate da Cateno De Luca.<div id=\"div-gpt-ad-Messinaoggi.it-DSK-300x250-corpoart\" style=\"text-align:center;margin:0 auto;\"><\/div><\/p>\n<div id=\"videoincontent\" style=\"clear:both\";><\/div>","protected":false},"excerpt":{"rendered":"<p>&#8220;Non ci ha dato l&#8217;opportunit\u00e0 di concertare immediatamente dopo la manifestazione di oggi. Gli avevamo chiesto solo un rinvio e lui ha agito sempre secondo il suo raziocinio senza considerare che rappresentiamo una vasta percentuale di lavoratori. Non vogliamo perdere alcun posto di lavoro, questo \u00e8 quello che ci preme. Anche questa Agenzia per i [&hellip;]<\/p>\n","protected":false},"author":7,"featured_media":26211,"comment_status":"closed","ping_status":"open","sticky":false,"template":"","format":"standard","meta":{"ub_ctt_via":"","_mi_skip_tracking":false},"categories":[6],"tags":[],"featured_image_src":"https:\/\/www.messinaoggi.it\/website\/wp-content\/uploads\/2018\/10\/Protesta-Cgil-e-Uil-su-Salva-Messina-messinaoggiMarcyRuggi.jpg","author_info":{"display_name":"Redazione1","author_link":"https:\/\/www.messinaoggi.it\/website\/author\/redazione1\/"},"digistream_id":0,"digistream":false,"_links":{"self":[{"href":"https:\/\/www.messinaoggi.it\/website\/wp-json\/wp\/v2\/posts\/26201"}],"collection":[{"href":"https:\/\/www.messinaoggi.it\/website\/wp-json\/wp\/v2\/posts"}],"about":[{"href":"https:\/\/www.messinaoggi.it\/website\/wp-json\/wp\/v2\/types\/post"}],"author":[{"embeddable":true,"href":"https:\/\/www.messinaoggi.it\/website\/wp-json\/wp\/v2\/users\/7"}],"replies":[{"embeddable":true,"href":"https:\/\/www.messinaoggi.it\/website\/wp-json\/wp\/v2\/comments?post=26201"}],"version-history":[{"count":0,"href":"https:\/\/www.messinaoggi.it\/website\/wp-json\/wp\/v2\/posts\/26201\/revisions"}],"wp:featuredmedia":[{"embeddable":true,"href":"https:\/\/www.messinaoggi.it\/website\/wp-json\/wp\/v2\/media\/26211"}],"wp:attachment":[{"href":"https:\/\/www.messinaoggi.it\/website\/wp-json\/wp\/v2\/media?parent=26201"}],"wp:term":[{"taxonomy":"category","embeddable":true,"href":"https:\/\/www.messinaoggi.it\/website\/wp-json\/wp\/v2\/categories?post=26201"},{"taxonomy":"post_tag","embeddable":true,"href":"https:\/\/www.messinaoggi.it\/website\/wp-json\/wp\/v2\/tags?post=26201"}],"curies":[{"name":"wp","href":"https:\/\/api.w.org\/{rel}","templated":true}]}}