{"id":26200,"date":"2018-10-31T09:13:33","date_gmt":"2018-10-31T08:13:33","guid":{"rendered":"http:\/\/www.messinaoggi.it\/website\/?p=26200"},"modified":"2018-10-31T09:13:33","modified_gmt":"2018-10-31T08:13:33","slug":"rifiuti-cassonetti-traboccanti-si-tratta-di-emergenza-programmata","status":"publish","type":"post","link":"https:\/\/www.messinaoggi.it\/website\/2018\/10\/31\/rifiuti-cassonetti-traboccanti-si-tratta-di-emergenza-programmata\/","title":{"rendered":"Rifiuti, cassonetti traboccanti. Si tratta di emergenza &quot;programmata&quot;?"},"content":{"rendered":"<p>La citt\u00e0 invasa dai rifiuti. Siamo alle porte di una ingiustificata emergenza? A vedere i cassonetti colmi di spazzatura sembrerebbe proprio di s\u00ec. Le foto che ritraggono cassonetti traboccanti di sacchetti sono state scattate in viale Regina Margherita, in pieno centro quindi, a poche centinai di metri dalla nuova sede di MessinaServizi.<br \/>\n<img loading=\"lazy\" class=\"size-medium wp-image-26198 alignright\" src=\"http:\/\/www.messinaoggi.it\/website\/wp-content\/uploads\/2018\/10\/6270C4B5-5FEC-4F39-8BBF-C5B538C46F9E-300x225.jpeg\" alt=\"\" width=\"300\" height=\"225\" \/><br \/>\nLa governace della Partecipata comunale non pu\u00f2 non accorgersi che la citt\u00e0 \u00e8 \u201cpreda\u201d di un\u2019autentica emergenza. I camion della spazzatura avrebbero saltato la raccolta per due giorni, e com\u2019era prevedibile la presenza di spazzatura per strada comincia a farsi notare.<br \/>\nLa situazione, comunque, non migliora nelle periferie, dove vengono segnalate montagne di rifiuti, mentre da giorni i mezzi non prelevano gli ingombranti.<br \/>\nCgil e Uil sospettano che si tratti di una \u201cemergenza programmata\u201d: se fosse cos\u00ec il presidente Giuseppe Lombrado dovrebbe dare spiegazioni, evitando il solito comunicato del venerd\u00ec mattina con il quale esorta i cittadini a non conferire rifiuti nella giornata di sabato.<br \/>\nCosa sta succedendo? Che lo spieghino in maniera chiara perch\u00e9 la citt\u00e0 \u00e8 troppo lurida.<div id=\"div-gpt-ad-Messinaoggi.it-DSK-300x250-corpoart\" style=\"text-align:center;margin:0 auto;\"><\/div><\/p>\n<div id=\"videoincontent\" style=\"clear:both\";><\/div>","protected":false},"excerpt":{"rendered":"<p>La citt\u00e0 invasa dai rifiuti. Siamo alle porte di una ingiustificata emergenza? A vedere i cassonetti colmi di spazzatura sembrerebbe proprio di s\u00ec. Le foto che ritraggono cassonetti traboccanti di sacchetti sono state scattate in viale Regina Margherita, in pieno centro quindi, a poche centinai di metri dalla nuova sede di MessinaServizi. La governace della [&hellip;]<\/p>\n","protected":false},"author":2,"featured_media":26197,"comment_status":"closed","ping_status":"open","sticky":false,"template":"","format":"standard","meta":{"ub_ctt_via":"","_mi_skip_tracking":false},"categories":[6],"tags":[],"featured_image_src":"https:\/\/www.messinaoggi.it\/website\/wp-content\/uploads\/2018\/10\/CC64C667-CCA7-44E2-A06E-A192B7AED092.jpeg","author_info":{"display_name":"Redazione","author_link":"https:\/\/www.messinaoggi.it\/website\/author\/redazione\/"},"digistream_id":0,"digistream":false,"_links":{"self":[{"href":"https:\/\/www.messinaoggi.it\/website\/wp-json\/wp\/v2\/posts\/26200"}],"collection":[{"href":"https:\/\/www.messinaoggi.it\/website\/wp-json\/wp\/v2\/posts"}],"about":[{"href":"https:\/\/www.messinaoggi.it\/website\/wp-json\/wp\/v2\/types\/post"}],"author":[{"embeddable":true,"href":"https:\/\/www.messinaoggi.it\/website\/wp-json\/wp\/v2\/users\/2"}],"replies":[{"embeddable":true,"href":"https:\/\/www.messinaoggi.it\/website\/wp-json\/wp\/v2\/comments?post=26200"}],"version-history":[{"count":0,"href":"https:\/\/www.messinaoggi.it\/website\/wp-json\/wp\/v2\/posts\/26200\/revisions"}],"wp:featuredmedia":[{"embeddable":true,"href":"https:\/\/www.messinaoggi.it\/website\/wp-json\/wp\/v2\/media\/26197"}],"wp:attachment":[{"href":"https:\/\/www.messinaoggi.it\/website\/wp-json\/wp\/v2\/media?parent=26200"}],"wp:term":[{"taxonomy":"category","embeddable":true,"href":"https:\/\/www.messinaoggi.it\/website\/wp-json\/wp\/v2\/categories?post=26200"},{"taxonomy":"post_tag","embeddable":true,"href":"https:\/\/www.messinaoggi.it\/website\/wp-json\/wp\/v2\/tags?post=26200"}],"curies":[{"name":"wp","href":"https:\/\/api.w.org\/{rel}","templated":true}]}}