{"id":2620,"date":"2017-06-10T18:10:07","date_gmt":"2017-06-10T16:10:07","guid":{"rendered":"http:\/\/www.messinaoggi.it\/website\/?p=2620"},"modified":"2017-06-10T18:10:07","modified_gmt":"2017-06-10T16:10:07","slug":"stamattina-la-messana-benemerita-a-fiumicino","status":"publish","type":"post","link":"https:\/\/www.messinaoggi.it\/website\/2017\/06\/10\/stamattina-la-messana-benemerita-a-fiumicino\/","title":{"rendered":"Stamattina la Messana &quot;benemerita&quot; a Fiumicino"},"content":{"rendered":"<p style=\"text-align: justify\">E&#8217; arrivato il grande giorno per la <strong>U.S.D. Messana<\/strong> che, stamattina, presso l\u2019Hilton Rome Airport di Fiumicino (Roma), \u00e8 stata insignita della prevista <strong><em>Benemerenza Sportiva<\/em><\/strong> della Lega Nazionale Dilettanti della Federcalcio per i propri 50 anni di attivit\u00e0.<div id=\"div-gpt-ad-Messinaoggi.it-DSK-300x250-corpoart\" style=\"text-align:center;margin:0 auto;\"><\/div><\/p>\n<p style=\"text-align: justify\">Nel corso della cerimonia,, alla presenza, tra gli altri, di Carlo Tavecchio, presidente della Figc, e di Gianni Rivera, ex campione del Milan e della Nazionale italiana nonch\u00e9 attuale presidente del Settore Tecnico della Figc, il presidente Giuseppe Ammirata &#8211; accompagnato dal vice Lorenzo Arrigo e dal segretario generale Rosario Sorrenti &#8211; ha ricevuto il <strong><em>Diploma di Benemerenza<\/em><\/strong> dal presidente della Lega Nazionale Dilettanti<div id=\"videoincontent\" style=\"clear:both\";><\/div><\/p>\n<p><div id=\"attachment_2621\" style=\"width: 236px\" class=\"wp-caption alignleft\"><img aria-describedby=\"caption-attachment-2621\" loading=\"lazy\" class=\"size-medium wp-image-2621\" src=\"http:\/\/www.messinaoggi.it\/website\/wp-content\/uploads\/2017\/06\/Sibilia-e-Ammirata-226x300.jpeg\" alt=\"\" width=\"226\" height=\"300\" \/><p id=\"caption-attachment-2621\" class=\"wp-caption-text\">Il presidente Lnd Sibilia e quello della Messana Ammirata<\/p><\/div><br \/>\n, Cosimo Sibilia.<br \/>\n <\/p>\n<p style=\"text-align: justify\">Con grande emozione sono stati brevemente ricordati i personaggi e i momenti che hanno caratterizzato la gloriosa storia, lunga 50 anni, della Messana, fondata nel nel 1966, dai fratelli Giuseppe (detto il \u201cMago\u201d) e Salvatore Turiano, sotto la guida di Carmelo Lo Re (attuale Presidente Onorario) e Gaetano Tiano.<\/p>\n<p style=\"text-align: justify\">\u00ab<em>Un riconoscimento che ci inorgoglisce e premia gli sforzi di tutti i componenti della societ\u00e0<\/em> &#8211; ha dichiarato entusiasta Ammirata -.<em> Questo \u00e8 un premio per la nostra societ\u00e0, ma anche per tutta la citt\u00e0 di Messina e per il calcio locale e speriamo di poter avere la collaborazione di tutti per fare grande il calcio messinese. Chiudiamo cos\u00ec, nel migliore dei modi, la stagione 2016\/2017 e ci proiettiamo subito al futuro<\/em>\u00bb.<\/p>\n","protected":false},"excerpt":{"rendered":"<p>E&#8217; arrivato il grande giorno per la U.S.D. Messana che, stamattina, presso l\u2019Hilton Rome Airport di Fiumicino (Roma), \u00e8 stata insignita della prevista Benemerenza Sportiva della Lega Nazionale Dilettanti della Federcalcio per i propri 50 anni di attivit\u00e0. Nel corso della cerimonia,, alla presenza, tra gli altri, di Carlo Tavecchio, presidente della Figc, e di [&hellip;]<\/p>\n","protected":false},"author":9,"featured_media":2622,"comment_status":"closed","ping_status":"open","sticky":false,"template":"","format":"standard","meta":{"ub_ctt_via":"","_mi_skip_tracking":false},"categories":[10,9],"tags":[],"featured_image_src":"https:\/\/www.messinaoggi.it\/website\/wp-content\/uploads\/2017\/06\/Benemerenza-2.jpeg","author_info":{"display_name":"Roberto Santoro","author_link":"https:\/\/www.messinaoggi.it\/website\/author\/r-santoro\/"},"digistream_id":0,"digistream":false,"_links":{"self":[{"href":"https:\/\/www.messinaoggi.it\/website\/wp-json\/wp\/v2\/posts\/2620"}],"collection":[{"href":"https:\/\/www.messinaoggi.it\/website\/wp-json\/wp\/v2\/posts"}],"about":[{"href":"https:\/\/www.messinaoggi.it\/website\/wp-json\/wp\/v2\/types\/post"}],"author":[{"embeddable":true,"href":"https:\/\/www.messinaoggi.it\/website\/wp-json\/wp\/v2\/users\/9"}],"replies":[{"embeddable":true,"href":"https:\/\/www.messinaoggi.it\/website\/wp-json\/wp\/v2\/comments?post=2620"}],"version-history":[{"count":0,"href":"https:\/\/www.messinaoggi.it\/website\/wp-json\/wp\/v2\/posts\/2620\/revisions"}],"wp:featuredmedia":[{"embeddable":true,"href":"https:\/\/www.messinaoggi.it\/website\/wp-json\/wp\/v2\/media\/2622"}],"wp:attachment":[{"href":"https:\/\/www.messinaoggi.it\/website\/wp-json\/wp\/v2\/media?parent=2620"}],"wp:term":[{"taxonomy":"category","embeddable":true,"href":"https:\/\/www.messinaoggi.it\/website\/wp-json\/wp\/v2\/categories?post=2620"},{"taxonomy":"post_tag","embeddable":true,"href":"https:\/\/www.messinaoggi.it\/website\/wp-json\/wp\/v2\/tags?post=2620"}],"curies":[{"name":"wp","href":"https:\/\/api.w.org\/{rel}","templated":true}]}}