{"id":261937,"date":"2026-02-24T19:08:15","date_gmt":"2026-02-24T18:08:15","guid":{"rendered":"https:\/\/www.messinaoggi.it\/website\/2026\/02\/24\/spalletti-spinge-la-juve-sara-difficile-ma-ci-proveremo-fino-alla-fine\/"},"modified":"2026-02-24T19:08:15","modified_gmt":"2026-02-24T18:08:15","slug":"spalletti-spinge-la-juve-sara-difficile-ma-ci-proveremo-fino-alla-fine","status":"publish","type":"post","link":"https:\/\/www.messinaoggi.it\/website\/2026\/02\/24\/spalletti-spinge-la-juve-sara-difficile-ma-ci-proveremo-fino-alla-fine\/","title":{"rendered":"Spalletti spinge la Juve \u201cSar\u00e0 difficile ma ci proveremo fino alla fine\u201d"},"content":{"rendered":"<div>TORINO (ITALPRESS) &#8211;<em> &#8220;Serve la partecipazione di un intero ambiente, abbiamo bisogno degli occhi e del cuore della nostra gente. Pi\u00f9 che con il gesto questa gara si risolve con il contesto. Sappiamo che \u00e8 un momento difficile e delicato, chiediamo ai nostri tifosi di starci vicino, con loro al nostro fianco siamo pi\u00f9 forti&#8221;.<\/em> Alla vigilia della sfida di ritorno dei play-off di Champions League contro il <strong>Galatasaray,<\/strong> in programma domani alle 21 all&#8217;Allianz Stadium, l&#8217;allenatore della <strong>Juventus<\/strong> Luciano <strong>Spalletti<\/strong> ha parlato in conferenza stampa analizzando il momento della squadra e le difficolt\u00e0 della partita. I bianconeri partono dal pesante 5-2 dell&#8217;andata, ma il tecnico ha chiesto compattezza e sostegno dell&#8217;ambiente.<div id=\"div-gpt-ad-Messinaoggi.it-DSK-300x250-corpoart\" style=\"text-align:center;margin:0 auto;\"><\/div><\/p>\n<p><em> &#8220;Se il gruppo crede nell&#8217;impresa? Dobbiamo essere noi stessi fino in fondo. Le nostre chance sono poche ma vogliamo giocarcele tutte&#8221;.<\/em> A tenere banco anche Kenan Yildiz, del quale Spalletti ha sottolineato la crescita e il peso nello spogliatoio nonostante la giovane et\u00e0:<em> &#8220;Per noi \u00e8 un leader. E&#8217; un punto di riferimento, lo fa vedere nella serenit\u00e0 nei momenti difficili, quella facilit\u00e0 nell&#8217;andare ad esplorare cose nuove anche quando sembra tutto difficile. Caratterialmente ha fatto vedere la sua volont\u00e0 nel rimanere qui. Sono segnali che lo portano ad innalzarlo in termini di personalit\u00e0. Vuole esserci in tutti i modi a giocarsi questa sfida. Oggi ha fatto un allenamento parziale, ma lasciando il campo mi ha detto &#8216;mister ci son\u00f2&#8221;.<\/em><div id=\"videoincontent\" style=\"clear:both\";><\/div><\/p>\n<p>Il tecnico bianconero ha poi affrontato anche il tema delle critiche rivolte alla squadra e al portiere Di Gregorio, ribadendo il concetto di responsabilit\u00e0 collettiva:<em> &#8220;Noi dobbiamo accettare il fatto di essere disprezzati. Come gruppo non diamo in pasto nessuno alle considerazioni degli altri, dividiamo tutto in parti uguali. Di tutte le offese tutto il gruppo se ne assume un p\u00f2 di percentuale, sia quando le cose sono belle che quando sono brutte. Cos\u00ec diventa un peso meno forte, pi\u00f9 leggero da sopportare&#8221;.<\/em><\/p>\n<p>Guardando alla gara, Spalletti ha spiegato come la squadra debba restare unita e concentrata, senza perdere identit\u00e0 anche nei momenti pi\u00f9 difficili: <em>&#8220;Le prossime due partite pesano allo stesso modo. Sono entrambe delle belle minacce, ma altrettanto delle belle sfide. Ora si pensa a questa gara. E&#8217; difficile, ma assieme al nostro pubblico proveremo a fare di tutto. Fino alla fine proveremo a fare di tutto. Dobbiamo essere una versione pi\u00f9 profonda e solida di noi stessi. Dobbiamo avere la capacita di restare squadra, quando sarebbe pi\u00f9 facile diventare undici individui, ma noi questo non lo faremo. Sappiamo che valore abbiamo quando giochiamo tutti insieme. Dobbiamo entrare in campo con il pensiero di fare un gol, poi gli scenari, le energie e i modi di pensare cambiano&#8221;<\/em>. Il tecnico ha confermato anche la disponibilit\u00e0 di Bremer: <em>&#8220;Sar\u00e0 convocato e pu\u00f2 essere utilizzato nella partita. Lui, come Yildiz, \u00e8 fatto di pasta bianconera&#8221;.<\/em><\/p>\n<p>Sull&#8217;importanza della gara anche in prospettiva futura ha aggiunto<em>: &#8220;Passa molto da questi risultati qui, siamo nelle condizioni di giocarci la partita al meglio. Abbiamo resettato con un giorno di recupero che ogni tanto ci vuole. Poi le difficolt\u00e0 non ti tolgono il valore, ti costringono ad usarlo. Altri ragionamenti sul futuro verranno fatti dopo questa partita&#8221;.<\/em> Spazio anche a una riflessione su Kostic: <em>&#8220;Non gli ho dato tanto spazio e questo mi dispiace, per\u00f2 il ragazzo ha un valore importante come uomo, come professionista e ha grande appartenenza nei valori di questo club&#8221;.<\/em><\/p>\n<p>Accanto all&#8217;allenatore ha parlato anche il difensore Lloyd <strong>Kelly,<\/strong> che ha sottolineato la consapevolezza del momento e la compattezza dello spogliatoio:<em> &#8220;Quando giochiamo di fronte ai nostri tifosi abbiamo grande convinzione e fiducia, spetter\u00e0 a noi giocatori. Sappiamo la posizione in cui siamo, non possiamo dimenticarlo. Sappiamo che abbiamo un compito arduo ma dobbiamo essere pronti<\/em>&#8220;. Il centrale ha poi aggiunto: <em>&#8220;Penso che in questo momento capiamo tutti quale sia lo stato attuale, anche in termini di emozioni. Quando giochiamo partite di questo genere sappiamo che \u00e8 difficile, ma questo \u00e8 un club che \u00e8 come una famiglia. A prescindere dai momenti la squadre \u00e8 sempre unita e compatta&#8221;.<\/em> Kelly ha infine parlato anche dell&#8217;attaccante avversario Victor Osimhen, protagonista nella gara d&#8217;andata:<em> &#8220;Sappiamo che abbiamo di fronte questo tipo di calciatore, loro hanno creato tante occasioni all&#8217;andata. In settimana abbiamo provato diverse cose. Servir\u00e0 da subito essere in partita, personalmente spero di giocare ad alto livello. Sappiamo che sar\u00e0 dura. Nella scorsa gara il modo in cui abbiamo subito i gol \u00e8 qualcosa che qualsiasi giocatore non vuole vedere. Dobbiamo dimenticare la gara d&#8217;andata&#8221;.<\/em><\/p>\n<p>&#8211; Foto Ipa Agency &#8211;<\/p>\n<p>(ITALPRESS).<\/p><\/div>\n","protected":false},"excerpt":{"rendered":"<p>TORINO (ITALPRESS) &#8211; &#8220;Serve la partecipazione di un intero ambiente, abbiamo bisogno degli occhi e del cuore della nostra gente. Pi\u00f9 che con il gesto questa gara si risolve con il contesto. Sappiamo che \u00e8 un momento difficile e delicato, chiediamo ai nostri tifosi di starci vicino, con loro al nostro fianco siamo pi\u00f9 forti&#8221;. [&hellip;]<\/p>\n","protected":false},"author":18,"featured_media":261938,"comment_status":"closed","ping_status":"closed","sticky":false,"template":"","format":"standard","meta":{"ub_ctt_via":"","_mi_skip_tracking":false},"categories":[446],"tags":[783],"featured_image_src":"https:\/\/www.messinaoggi.it\/website\/wp-content\/uploads\/2026\/02\/20260224_1569.jpg","author_info":{"display_name":"Admin","author_link":"https:\/\/www.messinaoggi.it\/website\/author\/admin\/"},"digistream_id":0,"digistream":false,"_links":{"self":[{"href":"https:\/\/www.messinaoggi.it\/website\/wp-json\/wp\/v2\/posts\/261937"}],"collection":[{"href":"https:\/\/www.messinaoggi.it\/website\/wp-json\/wp\/v2\/posts"}],"about":[{"href":"https:\/\/www.messinaoggi.it\/website\/wp-json\/wp\/v2\/types\/post"}],"author":[{"embeddable":true,"href":"https:\/\/www.messinaoggi.it\/website\/wp-json\/wp\/v2\/users\/18"}],"replies":[{"embeddable":true,"href":"https:\/\/www.messinaoggi.it\/website\/wp-json\/wp\/v2\/comments?post=261937"}],"version-history":[{"count":0,"href":"https:\/\/www.messinaoggi.it\/website\/wp-json\/wp\/v2\/posts\/261937\/revisions"}],"wp:featuredmedia":[{"embeddable":true,"href":"https:\/\/www.messinaoggi.it\/website\/wp-json\/wp\/v2\/media\/261938"}],"wp:attachment":[{"href":"https:\/\/www.messinaoggi.it\/website\/wp-json\/wp\/v2\/media?parent=261937"}],"wp:term":[{"taxonomy":"category","embeddable":true,"href":"https:\/\/www.messinaoggi.it\/website\/wp-json\/wp\/v2\/categories?post=261937"},{"taxonomy":"post_tag","embeddable":true,"href":"https:\/\/www.messinaoggi.it\/website\/wp-json\/wp\/v2\/tags?post=261937"}],"curies":[{"name":"wp","href":"https:\/\/api.w.org\/{rel}","templated":true}]}}