{"id":261916,"date":"2026-02-24T11:59:09","date_gmt":"2026-02-24T10:59:09","guid":{"rendered":"http:\/\/www.messinaoggi.it\/website\/?p=261916"},"modified":"2026-02-24T11:59:20","modified_gmt":"2026-02-24T10:59:20","slug":"galluzzo-il-poliambulatorio-di-francavilla-non-sara-chiuso","status":"publish","type":"post","link":"https:\/\/www.messinaoggi.it\/website\/2026\/02\/24\/galluzzo-il-poliambulatorio-di-francavilla-non-sara-chiuso\/","title":{"rendered":"Galluzzo: &#8220;Il Poliambulatorio di Francavilla non sar\u00e0 chiuso&#8221;"},"content":{"rendered":"\n<p>\u00abIl Poliambulatorio di Francavilla di Sicilia non sar\u00e0 smantellato n\u00e9 chiuso, anzi l&#8217;obiettivo \u00e8 quello di ripristinare le prestazioni ora carenti ed eventualmente potenziarlo\u00bb. Lo afferma il deputato regionale Pino Galluzzo (FdI), aggiungendo: \u00abSubito dopo avere appreso di una mozione presentata da alcuni capigruppo e approvata dal Consiglio comunale con annessa petizione popolare per manifestare il timore di un perdurante depauperamento di questo essenziale presidio sanitario, nella mia qualit\u00e0 di componente della Commissione Sanit\u00e0 dell&#8217;Ars ho immediatamente contattato la direzione strategica dell&#8217;Asp di Messina. Ebbene, mi \u00e8 stato garantito che c&#8217;\u00e8 la volont\u00e0 di reperire le figure professionali necessarie per garantire nel miglior modo possibile il miglioramento e la continuit\u00e0 di questo servizio sanitario indispensabile in un&#8217;area considerata per legge disagiata e che quindi ha l&#8217;irrinunciabile diritto ad essere tutelata. Continuer\u00f2 a tenere alta la guardia per vigilare che questa garanzia da parte dell&#8217;Asp sia seguita in tempi brevi da provvedimenti concreti in tal senso\u00bb.<div id=\"div-gpt-ad-Messinaoggi.it-DSK-300x250-corpoart\" style=\"text-align:center;margin:0 auto;\"><\/div><\/p>\n<div id=\"videoincontent\" style=\"clear:both\";><\/div>","protected":false},"excerpt":{"rendered":"<p>\u00abIl Poliambulatorio di Francavilla di Sicilia non sar\u00e0 smantellato n\u00e9 chiuso, anzi l&#8217;obiettivo \u00e8 quello di ripristinare le prestazioni ora carenti ed eventualmente potenziarlo\u00bb. Lo afferma il deputato regionale Pino Galluzzo (FdI), aggiungendo: \u00abSubito dopo avere appreso di una mozione presentata da alcuni capigruppo e approvata dal Consiglio comunale con annessa petizione popolare per manifestare [&hellip;]<\/p>\n","protected":false},"author":2,"featured_media":10008,"comment_status":"open","ping_status":"open","sticky":false,"template":"","format":"standard","meta":{"ub_ctt_via":"","_mi_skip_tracking":false},"categories":[6],"tags":[12871,851,113],"featured_image_src":"https:\/\/www.messinaoggi.it\/website\/wp-content\/uploads\/2017\/10\/galluzzo-RRP_0600.jpg","author_info":{"display_name":"Redazione","author_link":"https:\/\/www.messinaoggi.it\/website\/author\/redazione\/"},"digistream_id":0,"digistream":false,"_links":{"self":[{"href":"https:\/\/www.messinaoggi.it\/website\/wp-json\/wp\/v2\/posts\/261916"}],"collection":[{"href":"https:\/\/www.messinaoggi.it\/website\/wp-json\/wp\/v2\/posts"}],"about":[{"href":"https:\/\/www.messinaoggi.it\/website\/wp-json\/wp\/v2\/types\/post"}],"author":[{"embeddable":true,"href":"https:\/\/www.messinaoggi.it\/website\/wp-json\/wp\/v2\/users\/2"}],"replies":[{"embeddable":true,"href":"https:\/\/www.messinaoggi.it\/website\/wp-json\/wp\/v2\/comments?post=261916"}],"version-history":[{"count":1,"href":"https:\/\/www.messinaoggi.it\/website\/wp-json\/wp\/v2\/posts\/261916\/revisions"}],"predecessor-version":[{"id":261917,"href":"https:\/\/www.messinaoggi.it\/website\/wp-json\/wp\/v2\/posts\/261916\/revisions\/261917"}],"wp:featuredmedia":[{"embeddable":true,"href":"https:\/\/www.messinaoggi.it\/website\/wp-json\/wp\/v2\/media\/10008"}],"wp:attachment":[{"href":"https:\/\/www.messinaoggi.it\/website\/wp-json\/wp\/v2\/media?parent=261916"}],"wp:term":[{"taxonomy":"category","embeddable":true,"href":"https:\/\/www.messinaoggi.it\/website\/wp-json\/wp\/v2\/categories?post=261916"},{"taxonomy":"post_tag","embeddable":true,"href":"https:\/\/www.messinaoggi.it\/website\/wp-json\/wp\/v2\/tags?post=261916"}],"curies":[{"name":"wp","href":"https:\/\/api.w.org\/{rel}","templated":true}]}}