{"id":261798,"date":"2026-02-22T09:36:54","date_gmt":"2026-02-22T08:36:54","guid":{"rendered":"http:\/\/www.messinaoggi.it\/website\/?p=261798"},"modified":"2026-02-22T09:36:57","modified_gmt":"2026-02-22T08:36:57","slug":"aiga-messina-affronta-il-tema-della-riforma-della-giustizia","status":"publish","type":"post","link":"https:\/\/www.messinaoggi.it\/website\/2026\/02\/22\/aiga-messina-affronta-il-tema-della-riforma-della-giustizia\/","title":{"rendered":"Aiga Messina affronta il tema della Riforma della giustizia"},"content":{"rendered":"\n<p>\u201cLa riforma dell\u2019ordinamento della magistratura\u201d \u00e8 il tema del dibattito organizzato dall\u2019Associazione italiana giovani avvocati sezione di Messina che si terr\u00e0 mercoled\u00ec 25 febbraio nel Salone delle Bandiere di Palazzo Zanca con inizio alle 15.30. <div id=\"div-gpt-ad-Messinaoggi.it-DSK-300x250-corpoart\" style=\"text-align:center;margin:0 auto;\"><\/div><\/p>\n\n\n\n<p>L\u2019incontro consentir\u00e0 di approfondire gli aspetti teorici e pratici della riforma nonch\u00e9 le diverse posizioni sul referendum del 22 e 23 marzo. Dopo i saluti istituzionali del sindaco di Messina Federico Basile, del presidente del Consiglio dell\u2019ordine degli avvocati di Messina Paolo Vermiglio e della presidente Aiga sezione di Messina Enza Bontempo si terr\u00e0 il confronto tra i sostenitori del s\u00ec alla riforma e quelli del no, introdotto dal consigliere di Aiga Messina Francesco Mazz\u00f9. <div id=\"videoincontent\" style=\"clear:both\";><\/div><\/p>\n\n\n\n<p>Parteciperanno al dibattito il presidente di ANM Messina Andrea La Spada, il sostituto procuratore del Tribunale di Palmi Federico Moleti (componente del comitato SIsepara), il docente di diritto Costituzionale dell\u2019Universit\u00e0 di Messina Luigi D\u2019Andrea (presidente del comitato GiustodireNO), il presidente della Camera Penale di Messina \u201cPisani-Amendolia\u201d Alberto Gullino. Modera il dibattito, aperto alla cittadinanza, la giornalista Rosaria Brancato. Agli avvocati saranno riconosciuti 3 crediti formativi previa prenotazione su SferaBit.<\/p>\n","protected":false},"excerpt":{"rendered":"<p>\u201cLa riforma dell\u2019ordinamento della magistratura\u201d \u00e8 il tema del dibattito organizzato dall\u2019Associazione italiana giovani avvocati sezione di Messina che si terr\u00e0 mercoled\u00ec 25 febbraio nel Salone delle Bandiere di Palazzo Zanca con inizio alle 15.30. L\u2019incontro consentir\u00e0 di approfondire gli aspetti teorici e pratici della riforma nonch\u00e9 le diverse posizioni sul referendum del 22 e [&hellip;]<\/p>\n","protected":false},"author":2,"featured_media":197716,"comment_status":"open","ping_status":"open","sticky":false,"template":"","format":"standard","meta":{"ub_ctt_via":"","_mi_skip_tracking":false},"categories":[5],"tags":[2492],"featured_image_src":"https:\/\/www.messinaoggi.it\/website\/wp-content\/uploads\/2024\/05\/palazzo-zanca-bis.png","author_info":{"display_name":"Redazione","author_link":"https:\/\/www.messinaoggi.it\/website\/author\/redazione\/"},"digistream_id":0,"digistream":false,"_links":{"self":[{"href":"https:\/\/www.messinaoggi.it\/website\/wp-json\/wp\/v2\/posts\/261798"}],"collection":[{"href":"https:\/\/www.messinaoggi.it\/website\/wp-json\/wp\/v2\/posts"}],"about":[{"href":"https:\/\/www.messinaoggi.it\/website\/wp-json\/wp\/v2\/types\/post"}],"author":[{"embeddable":true,"href":"https:\/\/www.messinaoggi.it\/website\/wp-json\/wp\/v2\/users\/2"}],"replies":[{"embeddable":true,"href":"https:\/\/www.messinaoggi.it\/website\/wp-json\/wp\/v2\/comments?post=261798"}],"version-history":[{"count":1,"href":"https:\/\/www.messinaoggi.it\/website\/wp-json\/wp\/v2\/posts\/261798\/revisions"}],"predecessor-version":[{"id":261799,"href":"https:\/\/www.messinaoggi.it\/website\/wp-json\/wp\/v2\/posts\/261798\/revisions\/261799"}],"wp:featuredmedia":[{"embeddable":true,"href":"https:\/\/www.messinaoggi.it\/website\/wp-json\/wp\/v2\/media\/197716"}],"wp:attachment":[{"href":"https:\/\/www.messinaoggi.it\/website\/wp-json\/wp\/v2\/media?parent=261798"}],"wp:term":[{"taxonomy":"category","embeddable":true,"href":"https:\/\/www.messinaoggi.it\/website\/wp-json\/wp\/v2\/categories?post=261798"},{"taxonomy":"post_tag","embeddable":true,"href":"https:\/\/www.messinaoggi.it\/website\/wp-json\/wp\/v2\/tags?post=261798"}],"curies":[{"name":"wp","href":"https:\/\/api.w.org\/{rel}","templated":true}]}}