{"id":261791,"date":"2026-02-22T09:22:55","date_gmt":"2026-02-22T08:22:55","guid":{"rendered":"http:\/\/www.messinaoggi.it\/website\/?p=261791"},"modified":"2026-02-22T09:23:02","modified_gmt":"2026-02-22T08:23:02","slug":"impegno-di-salvini-niscemi-deve-rinascere","status":"publish","type":"post","link":"https:\/\/www.messinaoggi.it\/website\/2026\/02\/22\/impegno-di-salvini-niscemi-deve-rinascere\/","title":{"rendered":"Impegno di Salvini: &#8220;Niscemi deve rinascere&#8221;"},"content":{"rendered":"\n<p>Una lunga telefonata da parte di vicepremier Matteo Salvini con il sindaco di Niscemi Massimiliano Conti, oggi durante il sopralluogo nella citt\u00e0 nissena effettuato dal sottosegretario al ministero del Lavoro Claudio Durigon, accompagnato dal senatore Nino German\u00e0, segretario regionale della lega in Sicilia. <div id=\"div-gpt-ad-Messinaoggi.it-DSK-300x250-corpoart\" style=\"text-align:center;margin:0 auto;\"><\/div><\/p>\n\n\n\n<p>\u201cNiscemi deve rinascere dopo questa spaventosa frana che ha messo a rischio tante abitazioni e il sereno vivere di tante famiglie &#8211; afferma Nino German\u00e0. Con Claudio Durigon siamo oggi qui a Niscemi, accompagnati anche dal responsabile regionale della Protezione civile Salvo Cocina, per assicurare tutta la nostra attenzione ai bisogni di questa comunit\u00e0, a partire dalla viabilit\u00e0 sulla quale c\u2019\u00e8 un impegno, ribadito anche oggi durante la telefonata da parte di Matteo Salvini, che convocher\u00e0 gi\u00e0 in settimana un tavolo tecnico con Anas per gestire tutta la fase di ripristino delle strade e delle arterie attorno alla citt\u00e0dina. Voglio preannunciare anche la visita di Matteo Salvini a Niscemi quanto prima &#8211; aggiunge German\u00e0 -. Il ministro delle Infrastrutture &#8211; continua- si era messo al lavoro gi\u00e0 subito dopo i primi smottamenti. Salvini era gi\u00e0 stato in Sicilia a seguito del ciclone Harry nella fascia costiera ed ora \u00a0&#8211; conclude German\u00e0 &#8211; torner\u00e0 per fare il punto e riferire l\u2019impegno anche finanziario del governo nazionale su Niscemi\u201d.<div id=\"videoincontent\" style=\"clear:both\";><\/div><\/p>\n","protected":false},"excerpt":{"rendered":"<p>Una lunga telefonata da parte di vicepremier Matteo Salvini con il sindaco di Niscemi Massimiliano Conti, oggi durante il sopralluogo nella citt\u00e0 nissena effettuato dal sottosegretario al ministero del Lavoro Claudio Durigon, accompagnato dal senatore Nino German\u00e0, segretario regionale della lega in Sicilia. \u201cNiscemi deve rinascere dopo questa spaventosa frana che ha messo a rischio [&hellip;]<\/p>\n","protected":false},"author":2,"featured_media":261792,"comment_status":"open","ping_status":"open","sticky":false,"template":"","format":"standard","meta":{"ub_ctt_via":"","_mi_skip_tracking":false},"categories":[4],"tags":[1035,6831],"featured_image_src":"https:\/\/www.messinaoggi.it\/website\/wp-content\/uploads\/2026\/02\/9c66c4e5-5cbc-4534-a149-65b786e59905.jpeg","author_info":{"display_name":"Redazione","author_link":"https:\/\/www.messinaoggi.it\/website\/author\/redazione\/"},"digistream_id":0,"digistream":false,"_links":{"self":[{"href":"https:\/\/www.messinaoggi.it\/website\/wp-json\/wp\/v2\/posts\/261791"}],"collection":[{"href":"https:\/\/www.messinaoggi.it\/website\/wp-json\/wp\/v2\/posts"}],"about":[{"href":"https:\/\/www.messinaoggi.it\/website\/wp-json\/wp\/v2\/types\/post"}],"author":[{"embeddable":true,"href":"https:\/\/www.messinaoggi.it\/website\/wp-json\/wp\/v2\/users\/2"}],"replies":[{"embeddable":true,"href":"https:\/\/www.messinaoggi.it\/website\/wp-json\/wp\/v2\/comments?post=261791"}],"version-history":[{"count":1,"href":"https:\/\/www.messinaoggi.it\/website\/wp-json\/wp\/v2\/posts\/261791\/revisions"}],"predecessor-version":[{"id":261793,"href":"https:\/\/www.messinaoggi.it\/website\/wp-json\/wp\/v2\/posts\/261791\/revisions\/261793"}],"wp:featuredmedia":[{"embeddable":true,"href":"https:\/\/www.messinaoggi.it\/website\/wp-json\/wp\/v2\/media\/261792"}],"wp:attachment":[{"href":"https:\/\/www.messinaoggi.it\/website\/wp-json\/wp\/v2\/media?parent=261791"}],"wp:term":[{"taxonomy":"category","embeddable":true,"href":"https:\/\/www.messinaoggi.it\/website\/wp-json\/wp\/v2\/categories?post=261791"},{"taxonomy":"post_tag","embeddable":true,"href":"https:\/\/www.messinaoggi.it\/website\/wp-json\/wp\/v2\/tags?post=261791"}],"curies":[{"name":"wp","href":"https:\/\/api.w.org\/{rel}","templated":true}]}}