{"id":261692,"date":"2026-02-20T12:06:35","date_gmt":"2026-02-20T11:06:35","guid":{"rendered":"http:\/\/www.messinaoggi.it\/website\/?p=261692"},"modified":"2026-02-20T13:58:47","modified_gmt":"2026-02-20T12:58:47","slug":"scurria-candidato-centrodestra-il-comunicato","status":"publish","type":"post","link":"https:\/\/www.messinaoggi.it\/website\/2026\/02\/20\/scurria-candidato-centrodestra-il-comunicato\/","title":{"rendered":"Scurria candidato centrodestra, il comunicato"},"content":{"rendered":"\n<p>Marcello Scurria \u00e8 il candidato sindaco di Messina sostenuto dall\u2019intera coalizione di centrodestra e dalle liste civiche che si riconoscono in un progetto condiviso di rilancio, sviluppo e rinascita della citt\u00e0.<div id=\"div-gpt-ad-Messinaoggi.it-DSK-300x250-corpoart\" style=\"text-align:center;margin:0 auto;\"><\/div><\/p>\n\n\n\n<p>La decisione \u00e8 stata dai leader locali della coalizione \u00e8 stata ratificata in apertura del vertice regionale del centrodestra, durante un confronto unitario che ha portato a una scelta chiara e convinta, nel segno della coesione e della responsabilit\u00e0.<div id=\"videoincontent\" style=\"clear:both\";><\/div><\/p>\n\n\n\n<p>Nei prossimi giorni si terr\u00e0 una conferenza stampa \u2013 di cui seguiranno ulteriori dettagli \u2013 che segner\u00e0 formalmente l\u2019avvio della campagna elettorale in vista delle elezioni comunali in programma nel mese di maggio.<\/p>\n\n\n\n<p>La candidatura di Scurria rappresenta la sintesi di un percorso politico fondato su competenza, visione e concretezza, con l\u2019obiettivo di offrire a Messina un\u2019amministrazione solida e capace di affrontare le sfide future.<\/p>\n\n\n\n<p>Lo dichiarano i segretari regionali di Forza Italia, Fratelli d\u2019Italia, Lega, Noi Moderati, Grande Sicilia-MPA e DC<\/p>\n","protected":false},"excerpt":{"rendered":"<p>Marcello Scurria \u00e8 il candidato sindaco di Messina sostenuto dall\u2019intera coalizione di centrodestra e dalle liste civiche che si riconoscono in un progetto condiviso di rilancio, sviluppo e rinascita della citt\u00e0. La decisione \u00e8 stata dai leader locali della coalizione \u00e8 stata ratificata in apertura del vertice regionale del centrodestra, durante un confronto unitario che [&hellip;]<\/p>\n","protected":false},"author":2,"featured_media":146839,"comment_status":"open","ping_status":"open","sticky":false,"template":"","format":"standard","meta":{"ub_ctt_via":"","_mi_skip_tracking":false},"categories":[19],"tags":[],"featured_image_src":"https:\/\/www.messinaoggi.it\/website\/wp-content\/uploads\/2023\/03\/unnamed-1.jpg","author_info":{"display_name":"Redazione","author_link":"https:\/\/www.messinaoggi.it\/website\/author\/redazione\/"},"digistream_id":0,"digistream":false,"_links":{"self":[{"href":"https:\/\/www.messinaoggi.it\/website\/wp-json\/wp\/v2\/posts\/261692"}],"collection":[{"href":"https:\/\/www.messinaoggi.it\/website\/wp-json\/wp\/v2\/posts"}],"about":[{"href":"https:\/\/www.messinaoggi.it\/website\/wp-json\/wp\/v2\/types\/post"}],"author":[{"embeddable":true,"href":"https:\/\/www.messinaoggi.it\/website\/wp-json\/wp\/v2\/users\/2"}],"replies":[{"embeddable":true,"href":"https:\/\/www.messinaoggi.it\/website\/wp-json\/wp\/v2\/comments?post=261692"}],"version-history":[{"count":1,"href":"https:\/\/www.messinaoggi.it\/website\/wp-json\/wp\/v2\/posts\/261692\/revisions"}],"predecessor-version":[{"id":261693,"href":"https:\/\/www.messinaoggi.it\/website\/wp-json\/wp\/v2\/posts\/261692\/revisions\/261693"}],"wp:featuredmedia":[{"embeddable":true,"href":"https:\/\/www.messinaoggi.it\/website\/wp-json\/wp\/v2\/media\/146839"}],"wp:attachment":[{"href":"https:\/\/www.messinaoggi.it\/website\/wp-json\/wp\/v2\/media?parent=261692"}],"wp:term":[{"taxonomy":"category","embeddable":true,"href":"https:\/\/www.messinaoggi.it\/website\/wp-json\/wp\/v2\/categories?post=261692"},{"taxonomy":"post_tag","embeddable":true,"href":"https:\/\/www.messinaoggi.it\/website\/wp-json\/wp\/v2\/tags?post=261692"}],"curies":[{"name":"wp","href":"https:\/\/api.w.org\/{rel}","templated":true}]}}