{"id":261685,"date":"2026-02-20T10:08:22","date_gmt":"2026-02-20T09:08:22","guid":{"rendered":"https:\/\/www.messinaoggi.it\/website\/2026\/02\/20\/esposito-sui-salari-serve-un-patto-tra-imprese-e-forze-sociali\/"},"modified":"2026-02-20T10:08:22","modified_gmt":"2026-02-20T09:08:22","slug":"esposito-sui-salari-serve-un-patto-tra-imprese-e-forze-sociali","status":"publish","type":"post","link":"https:\/\/www.messinaoggi.it\/website\/2026\/02\/20\/esposito-sui-salari-serve-un-patto-tra-imprese-e-forze-sociali\/","title":{"rendered":"Esposito \u201cSui salari serve un patto tra imprese e forze sociali\u201d"},"content":{"rendered":"<div>ROMA (ITALPRESS) &#8211; Occupazione in crescita, produttivit\u00e0 in chiaroscuro, giovani che si allontanano dal mercato del lavoro e un Sud che sorprende. E&#8217; il ritratto dell&#8217;economia italiana tracciato da Gaetano Fausto Esposito, direttore generale dell&#8217;Istituto Tagliacarne, il centro nazionale di analisi su imprese e territori del sistema camerale che quest&#8217;anno festeggia 40 anni di attivit\u00e0. &#8220;L&#8217;Italia \u00e8 mediamente pi\u00f9 indietro nella produttivit\u00e0 rispetto agli altri paesi europei &#8211; spiega Esposito in un&#8217;intervista a Claudio Brachino per il magazine televisivo Italpress Economy -, ma se guardiamo al sistema manifatturiero, in particolare alle piccole e medie imprese, la nostra produttivit\u00e0 \u00e8 superiore a quella di Germania e Francia&#8221;. Un dato che tende a dissolversi quando si affronta il problema in termini aggregati, ma che restituisce una fotografia pi\u00f9 articolata del tessuto produttivo nazionale.<br \/>Il nodo centrale rimane per\u00f2 la crescita della produttivit\u00e0 complessiva. &#8220;Negli ultimi anni abbiamo fatto tanti investimenti, anche in digitale, con una leadership rispetto alla media europea. Ma li accompagniamo poco alla crescita del capitale umano&#8221;. In altre parole, le imprese riescono a investire in tecnologia ma faticano a trovare le persone in grado di valorizzarla. Il dato \u00e8 impietoso: un&#8217;impresa con un livello tecnologico avanzato che non trova giovani registra una produttivit\u00e0 inferiore del 13%.<br \/>Sul fronte occupazionale, la crescita degli ultimi anni nasconde una trasformazione profonda nella composizione della forza lavoro. &#8220;Il grosso dell&#8217;occupazione \u00e8 fatto dagli ultracinquantenni &#8211; sottolinea Esposito -. Negli ultimi anni abbiamo avuto un milione e mezzo di posti in pi\u00f9 nella fascia over 50. Vent&#8217;anni fa il 20% degli occupati aveva pi\u00f9 di 50 anni, oggi siamo al 40%&#8221;.<br \/>Un effetto demografico che si trascina inevitabilmente nelle statistiche, mentre i giovani tra i 15 e i 35 anni sembrano sempre pi\u00f9 estranei al mercato del lavoro.<br \/>&#8220;Il tasso di partecipazione dei giovani si riduce &#8211; osserva il direttore generale dell&#8217;Istituto Tagliacarne -. E&#8217; come se non si mettessero in gioco, e non lo fanno anche perch\u00e8 le retribuzioni d&#8217;ingresso sono talmente poco appetibili che molti trovano pi\u00f9 conveniente allungare i percorsi universitari o, in molti casi, andarsene all&#8217;estero&#8221;.<br \/>Uno dei dati pi\u00f9 significativi emersi dalle elaborazioni dell&#8217;Istituto Tagliacarne riguarda il cosiddetto mismatching, ovvero il disallineamento tra domanda e offerta di lavoro. &#8220;Non trovare rapidamente le figure cercate &#8211; spiega Esposito -, dopo 4-5 mesi in media, vale come costo oltre 2 miliardi di euro, pari all&#8217;1,2% del PIL&#8221;.<br \/>La soluzione, secondo Esposito, passa da due direttrici. La prima \u00e8 strutturale: &#8220;Storicamente nel nostro paese abbiamo un problema di formazione per i livelli intermedi. Il dibattito sugli Its Academy \u00e8 antico, eppure i dati ci dicono che chi esce da queste scuole trova lavoro in pochissimo tempo&#8221;. La seconda \u00e8 contrattuale: &#8220;Serve un patto tra imprenditori e forze sociali in cui ognuno fa un passo di lato. Aumentare le retribuzioni \u00e8 anche un investimento. Se aspettiamo prima di incrementare la produttivit\u00e0 e poi aumentiamo i salari, creiamo un circolo vizioso e non ne usciamo&#8221;.<br \/>Sul fronte del commercio internazionale, Esposito invita a distinguere la narrazione dalla realt\u00e0. &#8220;Il 2025 doveva essere l&#8217;anno del tracollo delle esportazioni. Gli ultimi dati ci dicono invece che l&#8217;Italia ha aumentato in media le esportazioni del 3% e del 7% verso gli Stati Uniti&#8221;. I dazi effettivi negli Usa, considerato il sistema di esenzioni, oscillano tra l&#8217;8 e il 13%, ben lontani dai livelli evocati nel dibattito pubblico. &#8220;Non abbiamo avuto impatti negativi &#8211; precisa -, anzi in alcuni settori ci abbiamo guadagnato. E in generale abbiamo aumentato i prezzi unitari: vendiamo di meno ma a prezzi pi\u00f9 alti. Vuol dire puntare sulla qualit\u00e0&#8221;.<br \/>Un capitolo a parte merita il Mezzogiorno. &#8220;Se vogliamo dare i voti come a scuola, il Sud dal punto di vista dell&#8217;occupazione e della crescita del PIL merita un 8-8,5: \u00e8 cresciuto dal 2022 al 2024 dell&#8217;8% sull&#8217;occupazione e dell&#8217;8,5% sul PIL, mentre il resto del paese ha faticato ad avere la sufficienza&#8221;. Tre i fattori alla base di questa performance: l&#8217;effetto rimbalzo post-Covid, un minor impatto della crisi industriale grazie alla minore industrializzazione, e il ruolo del PNRR, che al contrario delle attese ha funzionato meglio al Sud, trainando soprattutto edilizia e turismo. &#8220;Nel frattempo si \u00e8 sviluppato un sistema di imprese anche in settori avanzati, dall&#8217;aerospazio all&#8217;agroalimentare &#8211; ha aggiunto Esposito -. Il Sud crescer\u00e0 ancora se continueranno gli investimenti e soprattutto se la pubblica amministrazione locale sapr\u00e0 modernizzarsi, perch\u00e8 resta ancora un p\u00f2 indietro&#8221;.<div id=\"div-gpt-ad-Messinaoggi.it-DSK-300x250-corpoart\" style=\"text-align:center;margin:0 auto;\"><\/div><\/p>\n<p>&#8211; Foto Italpress &#8211;<div id=\"videoincontent\" style=\"clear:both\";><\/div><\/p>\n<p>(ITALPRESS).<\/p><\/div>\n","protected":false},"excerpt":{"rendered":"<p>ROMA (ITALPRESS) &#8211; Occupazione in crescita, produttivit\u00e0 in chiaroscuro, giovani che si allontanano dal mercato del lavoro e un Sud che sorprende. E&#8217; il ritratto dell&#8217;economia italiana tracciato da Gaetano Fausto Esposito, direttore generale dell&#8217;Istituto Tagliacarne, il centro nazionale di analisi su imprese e territori del sistema camerale che quest&#8217;anno festeggia 40 anni di attivit\u00e0. [&hellip;]<\/p>\n","protected":false},"author":18,"featured_media":261686,"comment_status":"closed","ping_status":"closed","sticky":false,"template":"","format":"standard","meta":{"ub_ctt_via":"","_mi_skip_tracking":false},"categories":[446],"tags":[783],"featured_image_src":"https:\/\/www.messinaoggi.it\/website\/wp-content\/uploads\/2026\/02\/20260220_0155.jpg","author_info":{"display_name":"Admin","author_link":"https:\/\/www.messinaoggi.it\/website\/author\/admin\/"},"digistream_id":0,"digistream":false,"_links":{"self":[{"href":"https:\/\/www.messinaoggi.it\/website\/wp-json\/wp\/v2\/posts\/261685"}],"collection":[{"href":"https:\/\/www.messinaoggi.it\/website\/wp-json\/wp\/v2\/posts"}],"about":[{"href":"https:\/\/www.messinaoggi.it\/website\/wp-json\/wp\/v2\/types\/post"}],"author":[{"embeddable":true,"href":"https:\/\/www.messinaoggi.it\/website\/wp-json\/wp\/v2\/users\/18"}],"replies":[{"embeddable":true,"href":"https:\/\/www.messinaoggi.it\/website\/wp-json\/wp\/v2\/comments?post=261685"}],"version-history":[{"count":0,"href":"https:\/\/www.messinaoggi.it\/website\/wp-json\/wp\/v2\/posts\/261685\/revisions"}],"wp:featuredmedia":[{"embeddable":true,"href":"https:\/\/www.messinaoggi.it\/website\/wp-json\/wp\/v2\/media\/261686"}],"wp:attachment":[{"href":"https:\/\/www.messinaoggi.it\/website\/wp-json\/wp\/v2\/media?parent=261685"}],"wp:term":[{"taxonomy":"category","embeddable":true,"href":"https:\/\/www.messinaoggi.it\/website\/wp-json\/wp\/v2\/categories?post=261685"},{"taxonomy":"post_tag","embeddable":true,"href":"https:\/\/www.messinaoggi.it\/website\/wp-json\/wp\/v2\/tags?post=261685"}],"curies":[{"name":"wp","href":"https:\/\/api.w.org\/{rel}","templated":true}]}}