{"id":261653,"date":"2026-02-19T20:08:17","date_gmt":"2026-02-19T19:08:17","guid":{"rendered":"https:\/\/www.messinaoggi.it\/website\/2026\/02\/19\/arditti-e-gallicola-in-piumini-e-catene-il-racconto-sul-fenomeno-maranza\/"},"modified":"2026-02-19T20:08:17","modified_gmt":"2026-02-19T19:08:17","slug":"arditti-e-gallicola-in-piumini-e-catene-il-racconto-sul-fenomeno-maranza","status":"publish","type":"post","link":"https:\/\/www.messinaoggi.it\/website\/2026\/02\/19\/arditti-e-gallicola-in-piumini-e-catene-il-racconto-sul-fenomeno-maranza\/","title":{"rendered":"Arditti e Gallicola, in \u201cPiumini e catene\u201d il racconto sul fenomeno maranza"},"content":{"rendered":"<div>ROMA (ITALPRESS) &#8211; Un viaggio all&#8217;interno di 12 storie di cronaca per raccontare uno dei fenomeni pi\u00f9 discussi negli ultimi anni, quello dei maranza. E&#8217; &#8220;Piumini e catene. Storie di maranza&#8221; (Armando Curcio Editore), libro scritto da Roberto Arditti e Alessio Gallicola, con i contributi di Tommaso Cerno e Maria Rita Parsi, psicoterapeuta scomparsa il 2 febbraio.<br \/>\nArditti e Gallicola, intervistati da Claudio Brachino per la rubrica Primo Piano dell&#8217;agenzia Italpress, raccontano da dove nasce questo libro: &#8220;Lo scorso anno c&#8217;\u00e8 stata una chiamata alle armi di un capo maranza di Torino, dove in occasione della partita Napoli-Inter fa un post sui social invitando ad andare al Sud per &#8216;far vedere a questi meridionali chi comand\u00e0; si organizzano, partono in 20 ma non arrivano perch\u00e8 vengono fermati a Roma dalla Polfer. Questo fa scattare un allarme&#8221;, racconta Alessio Gallicola.<br \/>\n&#8220;Questi ragazzi sono essenzialmente dei delinquenti &#8211; spiega Arditti -, una scelta voluta, cercata e pensata, loro non vengono da famiglie disastrose e la maggior parte di questi ragazzi sono cresciuti in Italia. Sono tutti accomunati da una precisa provenienza di carattere etnico, vengono soprattutto dai Paesi del Nord Africa e hanno metabolizzato l&#8217;uso pericoloso di pezzetti di rivendicazione islamica, un elemento di diversit\u00e0 e lo usano strumentalmente per dire &#8216;noi siamo quelli che comanderemo tra poc\u00f2&#8221;, prosegue Arditti, che racconta una delle storie: &#8220;Un piccolo gruppo di maranza, questa volta proveniente da un campo rom, tutti ragazzi tra i 12 e i 15 anni, rompono il bagagliaio della macchina di turisti francesi e rubano il trolley; lo portano nel campo rom e trovano al suo interno una copia delle chiavi della macchina, nessuno ha la patente ma tornano a prendere la macchina e guidarla e investono una anziana signora sulle strisce uccidendola. Questa \u00e8 una storia emblematica &#8211; spiega Arditti -, perch\u00e8 racconta anche la funzione dei genitori che, in questo caso, \u00e8 quella di incoraggiarli verso la cattiva strada&#8221;.<br \/>\nNon solo un libro, un racconto, ma anche l&#8217;intento di coinvolgere le istituzioni a tutti i livelli.<br \/>\n&#8220;Presenteremo il libro con il ministro dell&#8217;Istruzione, Giuseppe Valditara, con il ministro dell&#8217;Interno, Matteo Piantedosi, e il sottosegretario Andrea Delmastro. Io sono stato anche in audizione alla Commissione periferie della Camera che lavora in modo bipartisan sul tema &#8211; aggiunge Gallicola -, abbiamo gi\u00e0 portato in sede istituzionale questo tema. Siamo convinti che vada assunto qualche provvedimento che coinvolga anche i genitori che spesso giustificano i loro figli, altrimenti siamo coscienti del fatto che questo fenomeno ce lo vedremo sfuggire di mano&#8221;. Per Arditti serve &#8220;una mano molto ferma per questi fenomeni, loro hanno imparato a usare le pieghe del nostro sistema morbido e comprensivo a loro vantaggio e ci marciano&#8221;, conclude.<div id=\"div-gpt-ad-Messinaoggi.it-DSK-300x250-corpoart\" style=\"text-align:center;margin:0 auto;\"><\/div><\/p>\n<p>&#8211; Foto Italpress &#8211;<div id=\"videoincontent\" style=\"clear:both\";><\/div><\/p>\n<p>(ITALPRESS).<\/p><\/div>\n","protected":false},"excerpt":{"rendered":"<p>ROMA (ITALPRESS) &#8211; Un viaggio all&#8217;interno di 12 storie di cronaca per raccontare uno dei fenomeni pi\u00f9 discussi negli ultimi anni, quello dei maranza. E&#8217; &#8220;Piumini e catene. Storie di maranza&#8221; (Armando Curcio Editore), libro scritto da Roberto Arditti e Alessio Gallicola, con i contributi di Tommaso Cerno e Maria Rita Parsi, psicoterapeuta scomparsa il [&hellip;]<\/p>\n","protected":false},"author":18,"featured_media":261654,"comment_status":"closed","ping_status":"closed","sticky":false,"template":"","format":"standard","meta":{"ub_ctt_via":"","_mi_skip_tracking":false},"categories":[446],"tags":[783],"featured_image_src":"https:\/\/www.messinaoggi.it\/website\/wp-content\/uploads\/2026\/02\/20260219_3043.jpg","author_info":{"display_name":"Admin","author_link":"https:\/\/www.messinaoggi.it\/website\/author\/admin\/"},"digistream_id":0,"digistream":false,"_links":{"self":[{"href":"https:\/\/www.messinaoggi.it\/website\/wp-json\/wp\/v2\/posts\/261653"}],"collection":[{"href":"https:\/\/www.messinaoggi.it\/website\/wp-json\/wp\/v2\/posts"}],"about":[{"href":"https:\/\/www.messinaoggi.it\/website\/wp-json\/wp\/v2\/types\/post"}],"author":[{"embeddable":true,"href":"https:\/\/www.messinaoggi.it\/website\/wp-json\/wp\/v2\/users\/18"}],"replies":[{"embeddable":true,"href":"https:\/\/www.messinaoggi.it\/website\/wp-json\/wp\/v2\/comments?post=261653"}],"version-history":[{"count":0,"href":"https:\/\/www.messinaoggi.it\/website\/wp-json\/wp\/v2\/posts\/261653\/revisions"}],"wp:featuredmedia":[{"embeddable":true,"href":"https:\/\/www.messinaoggi.it\/website\/wp-json\/wp\/v2\/media\/261654"}],"wp:attachment":[{"href":"https:\/\/www.messinaoggi.it\/website\/wp-json\/wp\/v2\/media?parent=261653"}],"wp:term":[{"taxonomy":"category","embeddable":true,"href":"https:\/\/www.messinaoggi.it\/website\/wp-json\/wp\/v2\/categories?post=261653"},{"taxonomy":"post_tag","embeddable":true,"href":"https:\/\/www.messinaoggi.it\/website\/wp-json\/wp\/v2\/tags?post=261653"}],"curies":[{"name":"wp","href":"https:\/\/api.w.org\/{rel}","templated":true}]}}