{"id":261649,"date":"2026-02-19T18:08:25","date_gmt":"2026-02-19T17:08:25","guid":{"rendered":"https:\/\/www.messinaoggi.it\/website\/2026\/02\/19\/a-benetton-la-paternita-mi-ha-arricchito-con-i-miei-figli-il-dialogo-e-continuo\/"},"modified":"2026-02-19T18:08:25","modified_gmt":"2026-02-19T17:08:25","slug":"a-benetton-la-paternita-mi-ha-arricchito-con-i-miei-figli-il-dialogo-e-continuo","status":"publish","type":"post","link":"https:\/\/www.messinaoggi.it\/website\/2026\/02\/19\/a-benetton-la-paternita-mi-ha-arricchito-con-i-miei-figli-il-dialogo-e-continuo\/","title":{"rendered":"A.Benetton \u201cLa paternit\u00e0 mi ha arricchito, con i miei figli il dialogo \u00e8 continuo\u201d"},"content":{"rendered":"<div>ROMA (ITALPRESS) &#8211; &#8220;Essere padre per me vuol dire saper essere una guida, in primis con l&#8217;esempio, senza mai confondere i ruoli&#8221;. E&#8217; il cuore del racconto che Alessandro Benetton affida a Gente, dove l&#8217;imprenditore trevigiano si apre sul rapporto con i figli Agnese (25 anni), Tobias (22) e Luce (18), che da sei anni hanno scelto di vivere con lui.<br \/>&#8220;La paternit\u00e0 mi ha arricchito. Ogni giorno imparo qualcosa di nuovo dai miei figli &#8211; racconta Benetton -. Mi hanno insegnato il significato profondo della parola reciprocit\u00e0: dare e ricevere affetto, ascoltare, fidarsi. Con loro il dialogo \u00e8 continuo, autentico&#8221;. Un legame profondo che, sottolinea, \u00e8 fonte di ispirazione non solo nella vita privata ma anche nel lavoro: &#8220;Il loro modo di guardare il mondo, di farsi domande, di cercare senso e futuro per la loro generazione mi spinge a non smettere mai di evolvere&#8221;.<br \/>Un rapporto che \u00e8 diventato anche parte integrante del suo ultimo libro, Mai Fermi, in cui l&#8217;imprenditore racconta gli otto &#8220;maestri&#8221; che hanno avuto un impatto decisivo sulla sua vita. Accanto a figure iconiche come Michael Schumacher e Andy Warhol, ci sono anche i suoi figli. &#8220;E&#8217; incredibile quello che abbiamo fatto insieme in questi ultimi anni, siamo diventati la famiglia pi\u00f9 coesa di sempre&#8221; sono le parole, scritte proprio da Tobias, insieme alle sorelle Agnese e Luce, in un biglietto di auguri al padre, che Alessandro ha voluto condividere nel libro, insieme ad altri racconti della loro quotidianit\u00e0 familiare. <br \/>Il dialogo con i giovani, racconta ancora a Gente, non \u00e8 per lui un esercizio teorico ma un principio applicato in modo sistematico anche nel modello di business. &#8220;I giovani non sono il futuro, sono gi\u00e0 il presente della nostra societ\u00e0&#8221;, sottolinea. &#8220;In loro vedo la forza della discontinuit\u00e0, la capacit\u00e0 di rimettere in discussione ci\u00f2 che diamo per acquisito e di aprire strade nuove&#8221;.<br \/>Un approccio che si riflette anche in alcuni dei suoi progetti imprenditoriali, come l&#8217;Innovation Hub avviato tre anni fa all&#8217;interno dell&#8217;Aeroporto di Fiumicino, e nell&#8217;impegno sociale con la Unhate Foundation, rilanciata lo scorso anno per contrastare la cultura dell&#8217;odio puntando sulla formazione e sulle opportunit\u00e0 per le nuove generazioni.<div id=\"div-gpt-ad-Messinaoggi.it-DSK-300x250-corpoart\" style=\"text-align:center;margin:0 auto;\"><\/div><\/p>\n<p>&#8211; fonte foto Edizione ufficio stampa &#8211;<br \/>(ITALPRESS).<\/div>\n<div id=\"videoincontent\" style=\"clear:both\";><\/div>","protected":false},"excerpt":{"rendered":"<p>ROMA (ITALPRESS) &#8211; &#8220;Essere padre per me vuol dire saper essere una guida, in primis con l&#8217;esempio, senza mai confondere i ruoli&#8221;. E&#8217; il cuore del racconto che Alessandro Benetton affida a Gente, dove l&#8217;imprenditore trevigiano si apre sul rapporto con i figli Agnese (25 anni), Tobias (22) e Luce (18), che da sei anni [&hellip;]<\/p>\n","protected":false},"author":18,"featured_media":261650,"comment_status":"closed","ping_status":"closed","sticky":false,"template":"","format":"standard","meta":{"ub_ctt_via":"","_mi_skip_tracking":false},"categories":[446],"tags":[783],"featured_image_src":"https:\/\/www.messinaoggi.it\/website\/wp-content\/uploads\/2026\/02\/20260219_2235.jpg","author_info":{"display_name":"Admin","author_link":"https:\/\/www.messinaoggi.it\/website\/author\/admin\/"},"digistream_id":0,"digistream":false,"_links":{"self":[{"href":"https:\/\/www.messinaoggi.it\/website\/wp-json\/wp\/v2\/posts\/261649"}],"collection":[{"href":"https:\/\/www.messinaoggi.it\/website\/wp-json\/wp\/v2\/posts"}],"about":[{"href":"https:\/\/www.messinaoggi.it\/website\/wp-json\/wp\/v2\/types\/post"}],"author":[{"embeddable":true,"href":"https:\/\/www.messinaoggi.it\/website\/wp-json\/wp\/v2\/users\/18"}],"replies":[{"embeddable":true,"href":"https:\/\/www.messinaoggi.it\/website\/wp-json\/wp\/v2\/comments?post=261649"}],"version-history":[{"count":0,"href":"https:\/\/www.messinaoggi.it\/website\/wp-json\/wp\/v2\/posts\/261649\/revisions"}],"wp:featuredmedia":[{"embeddable":true,"href":"https:\/\/www.messinaoggi.it\/website\/wp-json\/wp\/v2\/media\/261650"}],"wp:attachment":[{"href":"https:\/\/www.messinaoggi.it\/website\/wp-json\/wp\/v2\/media?parent=261649"}],"wp:term":[{"taxonomy":"category","embeddable":true,"href":"https:\/\/www.messinaoggi.it\/website\/wp-json\/wp\/v2\/categories?post=261649"},{"taxonomy":"post_tag","embeddable":true,"href":"https:\/\/www.messinaoggi.it\/website\/wp-json\/wp\/v2\/tags?post=261649"}],"curies":[{"name":"wp","href":"https:\/\/api.w.org\/{rel}","templated":true}]}}