{"id":261630,"date":"2026-02-19T16:06:25","date_gmt":"2026-02-19T15:06:25","guid":{"rendered":"http:\/\/www.messinaoggi.it\/website\/?p=261630"},"modified":"2026-02-19T16:06:28","modified_gmt":"2026-02-19T15:06:28","slug":"marcello-scurria-candidato-civico-del-centrodestra","status":"publish","type":"post","link":"https:\/\/www.messinaoggi.it\/website\/2026\/02\/19\/marcello-scurria-candidato-civico-del-centrodestra\/","title":{"rendered":"Marcello Scurria candidato civico del centrodestra"},"content":{"rendered":"\n<p>Manca solo l\u2019ufficialit\u00e0 da parte della coalizione di centrodestra, ma il nome era trapelato gi\u00e0 da qualche settimana. Marcello Scurria, avvocato amministrativista, padre del Risanamento a Messina, sar\u00e0 candidato civico del centrodestra.<div id=\"div-gpt-ad-Messinaoggi.it-DSK-300x250-corpoart\" style=\"text-align:center;margin:0 auto;\"><\/div><\/p>\n\n\n\n<p>Lo ha appena annunciato un\u2019agenzia Ansa, in attesa del comunicato della coalizione che, per la prima volta a Messina, ha messo da parte l\u2019appartenenza politica per puntare su un candidato sindaco civico ma di area.<div id=\"videoincontent\" style=\"clear:both\";><\/div><\/p>\n\n\n\n<p>A caldeggiare la sua candidatura \u00e8 stata la sottosegretaria messinese, Matilde Siracusano, che ha trovato in Scurria il \u201cbraccio esecutivo\u201d della legge sul Risanamento di Messina.<\/p>\n\n\n\n<p>Il nome di Scurria ha trovato un\u2019anime consenso nei partiti della coalizione sebbene siano stati proposte anche altre autorevoli figure. Ma alla fine ha prevalso Scurria, un candidato che pu\u00f2 \u201cpescare\u201d anche negli schieramenti opposti.<\/p>\n","protected":false},"excerpt":{"rendered":"<p>Manca solo l\u2019ufficialit\u00e0 da parte della coalizione di centrodestra, ma il nome era trapelato gi\u00e0 da qualche settimana. Marcello Scurria, avvocato amministrativista, padre del Risanamento a Messina, sar\u00e0 candidato civico del centrodestra. Lo ha appena annunciato un\u2019agenzia Ansa, in attesa del comunicato della coalizione che, per la prima volta a Messina, ha messo da parte [&hellip;]<\/p>\n","protected":false},"author":2,"featured_media":260401,"comment_status":"open","ping_status":"open","sticky":false,"template":"","format":"standard","meta":{"ub_ctt_via":"","_mi_skip_tracking":false},"categories":[19],"tags":[12818,3375],"featured_image_src":"https:\/\/www.messinaoggi.it\/website\/wp-content\/uploads\/2026\/01\/595470067_10236436785932765_1709489577760542829_n-e1769857064923.jpg","author_info":{"display_name":"Redazione","author_link":"https:\/\/www.messinaoggi.it\/website\/author\/redazione\/"},"digistream_id":0,"digistream":false,"_links":{"self":[{"href":"https:\/\/www.messinaoggi.it\/website\/wp-json\/wp\/v2\/posts\/261630"}],"collection":[{"href":"https:\/\/www.messinaoggi.it\/website\/wp-json\/wp\/v2\/posts"}],"about":[{"href":"https:\/\/www.messinaoggi.it\/website\/wp-json\/wp\/v2\/types\/post"}],"author":[{"embeddable":true,"href":"https:\/\/www.messinaoggi.it\/website\/wp-json\/wp\/v2\/users\/2"}],"replies":[{"embeddable":true,"href":"https:\/\/www.messinaoggi.it\/website\/wp-json\/wp\/v2\/comments?post=261630"}],"version-history":[{"count":2,"href":"https:\/\/www.messinaoggi.it\/website\/wp-json\/wp\/v2\/posts\/261630\/revisions"}],"predecessor-version":[{"id":261646,"href":"https:\/\/www.messinaoggi.it\/website\/wp-json\/wp\/v2\/posts\/261630\/revisions\/261646"}],"wp:featuredmedia":[{"embeddable":true,"href":"https:\/\/www.messinaoggi.it\/website\/wp-json\/wp\/v2\/media\/260401"}],"wp:attachment":[{"href":"https:\/\/www.messinaoggi.it\/website\/wp-json\/wp\/v2\/media?parent=261630"}],"wp:term":[{"taxonomy":"category","embeddable":true,"href":"https:\/\/www.messinaoggi.it\/website\/wp-json\/wp\/v2\/categories?post=261630"},{"taxonomy":"post_tag","embeddable":true,"href":"https:\/\/www.messinaoggi.it\/website\/wp-json\/wp\/v2\/tags?post=261630"}],"curies":[{"name":"wp","href":"https:\/\/api.w.org\/{rel}","templated":true}]}}