{"id":261617,"date":"2026-02-19T11:02:30","date_gmt":"2026-02-19T10:02:30","guid":{"rendered":"http:\/\/www.messinaoggi.it\/website\/?p=261617"},"modified":"2026-02-19T11:02:32","modified_gmt":"2026-02-19T10:02:32","slug":"strade-dissestate-piene-di-buche-cittadini-infuriati","status":"publish","type":"post","link":"https:\/\/www.messinaoggi.it\/website\/2026\/02\/19\/strade-dissestate-piene-di-buche-cittadini-infuriati\/","title":{"rendered":"Strade dissestate piene di buche: cittadini infuriati"},"content":{"rendered":"\n<p>Non solo frane nei borghi collinari, la cui competenza comunque \u00e8 della Citt\u00e0 Metropolitana, ma anche strade dissestate in citt\u00e0. Vie colme di buche, pericolosissime soprattutto per i mezzi a due ruote.<div id=\"div-gpt-ad-Messinaoggi.it-DSK-300x250-corpoart\" style=\"text-align:center;margin:0 auto;\"><\/div><\/p>\n\n\n\n<p>Sta facendo il giro del web la foto di una buca a forma di cuore, scattata a Messina, in zona centrale. Una foto che \u00e8 lo specchio fedele di come le strade cittadine siano ridotte a delle autentiche trazzere di campagna.<div id=\"videoincontent\" style=\"clear:both\";><\/div><\/p>\n\n\n\n<p>L&#8217;amministrazione comunale, per anni inerte rispetto alla manutenzione stradale, ha recentemente annunciato l&#8217;ammissione a un importante finanziamento per sistemare le strade del centro cittadino. Bene che vada i soldi arriveranno fra 6-8 mesi e nel frattempo le buche aumenteranno.<\/p>\n\n\n\n<p>I cittadini sono infuriati rispetto a un problema che mette a rischio automobilisti e soprattutto conducenti dei mezzi a due ruote. La rabbia poi aumenta rispetto all&#8217;attivismo di Palazzo Zanca per la realizzazione di numerosi parcheggi di interscambio e piste ciclabili che si stanno rivelando poco utilizzati dai cittadini.<\/p>\n","protected":false},"excerpt":{"rendered":"<p>Non solo frane nei borghi collinari, la cui competenza comunque \u00e8 della Citt\u00e0 Metropolitana, ma anche strade dissestate in citt\u00e0. Vie colme di buche, pericolosissime soprattutto per i mezzi a due ruote. Sta facendo il giro del web la foto di una buca a forma di cuore, scattata a Messina, in zona centrale. Una foto [&hellip;]<\/p>\n","protected":false},"author":2,"featured_media":261618,"comment_status":"open","ping_status":"open","sticky":false,"template":"","format":"standard","meta":{"ub_ctt_via":"","_mi_skip_tracking":false},"categories":[5],"tags":[12845],"featured_image_src":"https:\/\/www.messinaoggi.it\/website\/wp-content\/uploads\/2026\/02\/b1a9cf27-4b37-4213-9fa9-f79dafb7cd03.jpg","author_info":{"display_name":"Redazione","author_link":"https:\/\/www.messinaoggi.it\/website\/author\/redazione\/"},"digistream_id":0,"digistream":false,"_links":{"self":[{"href":"https:\/\/www.messinaoggi.it\/website\/wp-json\/wp\/v2\/posts\/261617"}],"collection":[{"href":"https:\/\/www.messinaoggi.it\/website\/wp-json\/wp\/v2\/posts"}],"about":[{"href":"https:\/\/www.messinaoggi.it\/website\/wp-json\/wp\/v2\/types\/post"}],"author":[{"embeddable":true,"href":"https:\/\/www.messinaoggi.it\/website\/wp-json\/wp\/v2\/users\/2"}],"replies":[{"embeddable":true,"href":"https:\/\/www.messinaoggi.it\/website\/wp-json\/wp\/v2\/comments?post=261617"}],"version-history":[{"count":1,"href":"https:\/\/www.messinaoggi.it\/website\/wp-json\/wp\/v2\/posts\/261617\/revisions"}],"predecessor-version":[{"id":261619,"href":"https:\/\/www.messinaoggi.it\/website\/wp-json\/wp\/v2\/posts\/261617\/revisions\/261619"}],"wp:featuredmedia":[{"embeddable":true,"href":"https:\/\/www.messinaoggi.it\/website\/wp-json\/wp\/v2\/media\/261618"}],"wp:attachment":[{"href":"https:\/\/www.messinaoggi.it\/website\/wp-json\/wp\/v2\/media?parent=261617"}],"wp:term":[{"taxonomy":"category","embeddable":true,"href":"https:\/\/www.messinaoggi.it\/website\/wp-json\/wp\/v2\/categories?post=261617"},{"taxonomy":"post_tag","embeddable":true,"href":"https:\/\/www.messinaoggi.it\/website\/wp-json\/wp\/v2\/tags?post=261617"}],"curies":[{"name":"wp","href":"https:\/\/api.w.org\/{rel}","templated":true}]}}